{"id":15857,"date":"2025-05-20T19:41:07","date_gmt":"2025-05-20T19:41:07","guid":{"rendered":"https:\/\/ladepeche.mr\/?p=15857"},"modified":"2025-05-20T19:41:07","modified_gmt":"2025-05-20T19:41:07","slug":"le-ministre-de-leconomie-et-des-finances-se-rend-en-algerie-pour-prendre-part-aux-assemblees-annuelles-de-la-bid","status":"publish","type":"post","link":"https:\/\/ladepeche.mr\/?p=15857","title":{"rendered":"Le ministre de l\u2019\u00c9conomie et des Finances se rend en Alg\u00e9rie pour prendre part aux assembl\u00e9es annuelles de la BID"},"content":{"rendered":"<p>Le ministre de l\u2019\u00c9conomie et des Finances, Son Excellence M. Sid&#8217; Ahmed Ould Bouh, a quitt\u00e9 Nouakchott \u00e0 l\u2019aube de ce mardi, en direction d\u2019Alger, pour participer aux assembl\u00e9es annuelles de la Banque islamique de d\u00e9veloppement (BID), pr\u00e9vues du 19 au 22 mai courant, sous le th\u00e8me : \u00ab Diversifier l\u2019\u00e9conomie, enrichir la vie \u00bb.<\/p>\n<p>Son Excellence le ministre conduit la d\u00e9l\u00e9gation de notre pays \u00e0 cette rencontre, qui constitue une plateforme annuelle de dialogue autour du renforcement de la coop\u00e9ration \u00e9conomique et financi\u00e8re entre les pays membres de la Banque.<\/p>\n<p>L\u2019ordre du jour de ces assembl\u00e9es comprend plusieurs axes cl\u00e9s, notamment les strat\u00e9gies de financement des projets de d\u00e9veloppement dans les pays membres, les m\u00e9canismes de soutien aux \u00e9conomies \u00e9mergentes, ainsi que l\u2019examen du rapport annuel de performance de la Banque et l\u2019adoption des plans d\u2019action \u00e0 venir.<\/p>\n<p>En marge des travaux, le ministre tiendra une s\u00e9rie d\u2019entretiens bilat\u00e9raux avec ses homologues des pays membres, ainsi qu\u2019avec de hauts responsables de la BID, en vue de renforcer la coop\u00e9ration bilat\u00e9rale et d\u2019approfondir les partenariats strat\u00e9giques.<\/p>\n<p>La Banque islamique de d\u00e9veloppement, qui compte 57 \u00c9tats membres, figure parmi les principales institutions financi\u00e8res islamiques \u00e0 l\u2019\u00e9chelle internationale. Elle \u0153uvre au service du d\u00e9veloppement \u00e9conomique et social des pays membres, ainsi que des communaut\u00e9s musulmanes dans les pays non membres, conform\u00e9ment aux principes de la charia<\/p>\n<p>MEF<\/p>\n","protected":false},"excerpt":{"rendered":"<p>Le ministre de l\u2019\u00c9conomie et des Finances, Son Excellence M. Sid&#8217; Ahmed Ould Bouh, a quitt\u00e9 Nouakchott \u00e0 l\u2019aube de ce mardi, en direction d\u2019Alger, pour participer aux assembl\u00e9es annuelles de la Banque islamique de d\u00e9veloppement (BID), pr\u00e9vues du 19 au 22 mai courant, sous le th\u00e8me : \u00ab Diversifier l\u2019\u00e9conomie, enrichir la vie \u00bb. &hellip;<\/p>\n","protected":false},"author":2,"featured_media":10899,"comment_status":"open","ping_status":"open","sticky":false,"template":"","format":"standard","meta":{"footnotes":""},"categories":[18,2],"tags":[],"class_list":["post-15857","post","type-post","status-publish","format-standard","has-post-thumbnail","hentry","category-actualites","category-economie"],"_links":{"self":[{"href":"https:\/\/ladepeche.mr\/index.php?rest_route=\/wp\/v2\/posts\/15857","targetHints":{"allow":["GET"]}}],"collection":[{"href":"https:\/\/ladepeche.mr\/index.php?rest_route=\/wp\/v2\/posts"}],"about":[{"href":"https:\/\/ladepeche.mr\/index.php?rest_route=\/wp\/v2\/types\/post"}],"author":[{"embeddable":true,"href":"https:\/\/ladepeche.mr\/index.php?rest_route=\/wp\/v2\/users\/2"}],"replies":[{"embeddable":true,"href":"https:\/\/ladepeche.mr\/index.php?rest_route=%2Fwp%2Fv2%2Fcomments&post=15857"}],"version-history":[{"count":1,"href":"https:\/\/ladepeche.mr\/index.php?rest_route=\/wp\/v2\/posts\/15857\/revisions"}],"predecessor-version":[{"id":15858,"href":"https:\/\/ladepeche.mr\/index.php?rest_route=\/wp\/v2\/posts\/15857\/revisions\/15858"}],"wp:featuredmedia":[{"embeddable":true,"href":"https:\/\/ladepeche.mr\/index.php?rest_route=\/wp\/v2\/media\/10899"}],"wp:attachment":[{"href":"https:\/\/ladepeche.mr\/index.php?rest_route=%2Fwp%2Fv2%2Fmedia&parent=15857"}],"wp:term":[{"taxonomy":"category","embeddable":true,"href":"https:\/\/ladepeche.mr\/index.php?rest_route=%2Fwp%2Fv2%2Fcategories&post=15857"},{"taxonomy":"post_tag","embeddable":true,"href":"https:\/\/ladepeche.mr\/index.php?rest_route=%2Fwp%2Fv2%2Ftags&post=15857"}],"curies":[{"name":"wp","href":"https:\/\/api.w.org\/{rel}","templated":true}]}}