{"id":15859,"date":"2025-05-20T20:02:55","date_gmt":"2025-05-20T20:02:55","guid":{"rendered":"https:\/\/ladepeche.mr\/?p=15859"},"modified":"2025-05-20T20:02:55","modified_gmt":"2025-05-20T20:02:55","slug":"israel-est-un-etat-paria-ou-tuer-des-bebes-est-un-agrement-accuse-lex-numero-2-de-tsahal","status":"publish","type":"post","link":"https:\/\/ladepeche.mr\/?p=15859","title":{"rendered":"\u00ab Isra\u00ebl est un Etat paria o\u00f9 tuer des b\u00e9b\u00e9s est un agr\u00e9ment \u00bb accuse l\u2019ex num\u00e9ro 2 de Tsahal"},"content":{"rendered":"<p data-t=\"{&quot;n&quot;:&quot;blueLinks&quot;,&quot;t&quot;:13,&quot;a&quot;:&quot;click&quot;,&quot;b&quot;:76}\">L\u2019ancien premier ministre travailliste Ehud Barak \u00a0vole \u00e0 l\u2019aide du pr\u00e9sident de The Democrats, Yair Golan, suite \u00e0 une d\u00e9claration qu\u2019il a faite lors d\u2019une interview \u00e0 la radio mardi matin, accusant Isra\u00ebl de tuer \u00a0des b\u00e9b\u00e9s \u00e0 Gaza \u00ab par hobby \u00bb.<\/p>\n<p data-t=\"{&quot;n&quot;:&quot;blueLinks&quot;,&quot;t&quot;:13,&quot;a&quot;:&quot;click&quot;,&quot;b&quot;:76}\">\u00ab Yair Golan est un homme courageux et direct [et] si je devais participer \u00e0 un raid ce soir ou \u00e0 une campagne politique difficile demain, je le pr\u00e9f\u00e9rerais \u00e0 mes c\u00f4t\u00e9s \u00e0 tous ses d\u00e9tracteurs et \u00e0 tous ceux qui l\u2019ont condamn\u00e9 ces derni\u00e8res heures \u00bb, a tweet\u00e9 \u00a0Barak, ancien chef d\u2019\u00e9tat-major de l\u2019Arm\u00e9e de d\u00e9fense isra\u00e9lienne (FDI).<\/p>\n<div class=\"intra-article-module\" data-t=\"{&quot;n&quot;:&quot;intraArticle&quot;,&quot;t&quot;:13}\">\n<div class=\"articlePageIntraArticleFullWidth ad-slot-placeholder left-image-intra-ad full-bleed-image-intra-ad collapsed\" data-ad-index=\"0\">\n<div class=\"intra-article-ad-full left-image-intra-ad full-bleed-image-intra-ad\">\n<div>\n<div class=\"full-bleed-image-intra-ad\">&lt;cs-card &#8220;=&#8221;&#8221; class=&#8221;card-outer &#8221; id=&#8221;native_ad_collapse-inarticle-0&#8243; part=&#8221;&#8221; size=&#8221;_1x_2y&#8221;&gt;<\/p>\n<div class=\"content no-image\">\n<div id=\"media-overlay\" class=\"media-overlay\"><\/div>\n<div class=\"text\">\n<div class=\"choice-slug-wrapper\">\n<div class=\"ad-slug\">\n<div class=\"ad-provider\"><\/div>\n<\/div>\n<div class=\"ad-choice-container\"><\/div>\n<\/div>\n<p><a id=\"heading\" class=\"heading\" target=\"_blank\"><\/a><\/p>\n<div id=\"abstract\" class=\"abstract\"><\/div>\n<\/div>\n<div class=\"action-tray preload\">\n<div id=\"footer-start\" class=\"footer-start\"><\/div>\n<div id=\"footer-end\" class=\"footer-end\"><\/div>\n<\/div>\n<div class=\"hide-story-wrapper\">\n<div id=\"hide-story\" class=\"hide-story\"><\/div>\n<\/div>\n<\/div>\n<\/div>\n<\/div>\n<\/div>\n<\/div>\n<\/div>\n<p class=\"continue-read-break\" data-t=\"{&quot;n&quot;:&quot;blueLinks&quot;,&quot;t&quot;:13,&quot;a&quot;:&quot;click&quot;,&quot;b&quot;:76}\">\u00ab M\u00eame s\u2019il aurait \u00e9t\u00e9 pr\u00e9f\u00e9rable qu\u2019il choisisse un ou deux autres mots, il est clair qu\u2019il parlait de la direction politique et non des combattants \u00bb, insiste \u00a0Barak.<\/p>\n<p data-t=\"{&quot;n&quot;:&quot;blueLinks&quot;,&quot;t&quot;:13,&quot;a&quot;:&quot;click&quot;,&quot;b&quot;:76}\">\u00a0Golan, ancien chef d\u2019\u00e9tat-major adjoint de Tsahal et actuel chef du parti Les D\u00e9mocrates, une fusion du parti travailliste et du Meretz, a d\u00e9clar\u00e9 dans une interview accord\u00e9e \u00e0 la cha\u00eene publique Kan qu\u2019\u00ab Isra\u00ebl est en passe de devenir un \u00c9tat paria, comme l\u2019\u00e9tait l\u2019Afrique du Sud, si nous ne recommen\u00e7ons pas \u00e0 agir comme un pays sain d\u2019esprit \u00bb.<\/p>\n<p data-t=\"{&quot;n&quot;:&quot;blueLinks&quot;,&quot;t&quot;:13,&quot;a&quot;:&quot;click&quot;,&quot;b&quot;:76}\">Le dirigeant politique, qui n\u2019est pas membre actuel de la Knesset, a ajout\u00e9 qu\u2019\u00ab un pays sain ne se bat pas contre des civils, ne tue pas des b\u00e9b\u00e9s par hobby et ne se donne pas pour objectif d\u2019expulser des populations \u00bb.<\/p>\n<p data-t=\"{&quot;n&quot;:&quot;blueLinks&quot;,&quot;t&quot;:13,&quot;a&quot;:&quot;click&quot;,&quot;b&quot;:76}\">\u00c0 la suite d\u2019une r\u00e9action massive de l\u2019opinion publique, \u00a0Golan a cherch\u00e9 \u00e0 se d\u00e9fendre contre les critiques, faisant l\u2019\u00e9loge des combattants des Forces arm\u00e9es isra\u00e9liennes, qu\u2019il a qualifi\u00e9s de \u00ab h\u00e9ros \u00bb luttant au nom d\u2019un gouvernement \u00ab corrompu \u00bb.<\/p>\n<p data-t=\"{&quot;n&quot;:&quot;blueLinks&quot;,&quot;t&quot;:13,&quot;a&quot;:&quot;click&quot;,&quot;b&quot;:76}\">\u00ab\u00a0Les combattants \u00a0sont des h\u00e9ros ; les ministres du gouvernement sont corrompus. Les forces arm\u00e9es \u00a0sont \u00e9thiques et le peuple est droit ; le gouvernement est corrompu. La guerre doit cesser, les otages doivent \u00eatre lib\u00e9r\u00e9s.<\/p>\n<p>Provided by SyndiGate Media Inc. (<a href=\"http:\/\/syndigate.info\/\" target=\"_blank\" rel=\"noopener\" data-t=\"{&quot;n&quot;:&quot;destination&quot;,&quot;t&quot;:13,&quot;a&quot;:&quot;click&quot;,&quot;b&quot;:1,&quot;c.t&quot;:7}\">Syndigate.info)<\/a><\/p>\n","protected":false},"excerpt":{"rendered":"<p>L\u2019ancien premier ministre travailliste Ehud Barak \u00a0vole \u00e0 l\u2019aide du pr\u00e9sident de The Democrats, Yair Golan, suite \u00e0 une d\u00e9claration qu\u2019il a faite lors d\u2019une interview \u00e0 la radio mardi matin, accusant Isra\u00ebl de tuer \u00a0des b\u00e9b\u00e9s \u00e0 Gaza \u00ab par hobby \u00bb. \u00ab Yair Golan est un homme courageux et direct [et] si je &hellip;<\/p>\n","protected":false},"author":2,"featured_media":15860,"comment_status":"open","ping_status":"open","sticky":false,"template":"","format":"standard","meta":{"footnotes":""},"categories":[18,29],"tags":[],"class_list":["post-15859","post","type-post","status-publish","format-standard","has-post-thumbnail","hentry","category-actualites","category-monde"],"_links":{"self":[{"href":"https:\/\/ladepeche.mr\/index.php?rest_route=\/wp\/v2\/posts\/15859","targetHints":{"allow":["GET"]}}],"collection":[{"href":"https:\/\/ladepeche.mr\/index.php?rest_route=\/wp\/v2\/posts"}],"about":[{"href":"https:\/\/ladepeche.mr\/index.php?rest_route=\/wp\/v2\/types\/post"}],"author":[{"embeddable":true,"href":"https:\/\/ladepeche.mr\/index.php?rest_route=\/wp\/v2\/users\/2"}],"replies":[{"embeddable":true,"href":"https:\/\/ladepeche.mr\/index.php?rest_route=%2Fwp%2Fv2%2Fcomments&post=15859"}],"version-history":[{"count":1,"href":"https:\/\/ladepeche.mr\/index.php?rest_route=\/wp\/v2\/posts\/15859\/revisions"}],"predecessor-version":[{"id":15861,"href":"https:\/\/ladepeche.mr\/index.php?rest_route=\/wp\/v2\/posts\/15859\/revisions\/15861"}],"wp:featuredmedia":[{"embeddable":true,"href":"https:\/\/ladepeche.mr\/index.php?rest_route=\/wp\/v2\/media\/15860"}],"wp:attachment":[{"href":"https:\/\/ladepeche.mr\/index.php?rest_route=%2Fwp%2Fv2%2Fmedia&parent=15859"}],"wp:term":[{"taxonomy":"category","embeddable":true,"href":"https:\/\/ladepeche.mr\/index.php?rest_route=%2Fwp%2Fv2%2Fcategories&post=15859"},{"taxonomy":"post_tag","embeddable":true,"href":"https:\/\/ladepeche.mr\/index.php?rest_route=%2Fwp%2Fv2%2Ftags&post=15859"}],"curies":[{"name":"wp","href":"https:\/\/api.w.org\/{rel}","templated":true}]}}