{"id":15865,"date":"2025-05-20T20:35:58","date_gmt":"2025-05-20T20:35:58","guid":{"rendered":"https:\/\/ladepeche.mr\/?p=15865"},"modified":"2025-05-20T20:12:49","modified_gmt":"2025-05-20T20:12:49","slug":"le-president-de-la-republique-president-du-conseil-superieur-de-la-magistrature-preside-la-deuxieme-reunion-de-la-commission-supreme-de-reforme-de-la-justice","status":"publish","type":"post","link":"https:\/\/ladepeche.mr\/?p=15865","title":{"rendered":"Le Pr\u00e9sident de la R\u00e9publique, Pr\u00e9sident du Conseil Sup\u00e9rieur de la Magistrature, pr\u00e9side la deuxi\u00e8me r\u00e9union de la Commission supr\u00eame de r\u00e9forme de la justice"},"content":{"rendered":"<p>Son Excellence le Pr\u00e9sident de la R\u00e9publique, Mohamed Ould Cheikh El-Ghazouani, Pr\u00e9sident du Conseil Supr\u00eame de la Magistrature, a pr\u00e9sid\u00e9, mardi soir, au Palais Pr\u00e9sidentiel, la deuxi\u00e8me r\u00e9union de la Commission supr\u00eame de R\u00e9forme de la Justice.<\/p>\n<p>La Commission a examin\u00e9 l\u2019ordre du jour propos\u00e9 et a adopt\u00e9 un certain nombre de d\u00e9cisions, qui ont \u00e9t\u00e9 incluses dans le communiqu\u00e9 publi\u00e9 \u00e0 l\u2019issue de la r\u00e9union, pr\u00e9sent\u00e9 par le pr\u00e9sident du Comit\u00e9 technique, le ministre de la Justice, et relatives, entre autres, \u00e0 l\u2019approbation d\u2019un plan d\u2019action partiel pour l\u2019ann\u00e9e 2025, \u00e0 mettre en \u0153uvre de mani\u00e8re urgente au cours de cette ann\u00e9e \u2013 notamment :<\/p>\n<p>\u2013 La cr\u00e9ation d\u2019un institut de formation judiciaire, avec une recommandation d\u2019acc\u00e9l\u00e9rer la ratification des textes qui l\u2019\u00e9tablissent.<\/p>\n<p>\u2013 La finalisation de l\u2019indemnit\u00e9 sp\u00e9ciale de travail pour les juges.<\/p>\n<p>\u2013 L\u2019approbation de l\u2019octroi de l\u2019indemnit\u00e9 sp\u00e9ciale de travail \u00e0 toutes les cat\u00e9gories de greffiers.<\/p>\n<p>\u2013 Ordonner le recrutement de 20 juges au cours de l\u2019ann\u00e9e \u00e0 venir, avec la n\u00e9cessit\u00e9 d\u2019une mise \u00e0 jour annuelle pour les cinq prochaines ann\u00e9es.<\/p>\n<p>\u2013 une directive pr\u00e9voyant le recrutement de 20 greffiers par an, au cours des prochaines ann\u00e9es, la priorit\u00e9 \u00e9tant accord\u00e9e aux contractuels du secteur.<\/p>\n<p>Compte tenu de l\u2019urgence de r\u00e9aliser le droit au contentieux et l\u2019acc\u00e8s \u00e0 la justice, un d\u00e9cret sera pris pour rendre obligatoire la traduction en langues nationales au niveau de toutes les juridictions nationales, l\u2019\u00c9tat prenant en charge les co\u00fbts, une \u00e9tude diagnostique pour identifier les besoins du secteur de la justice en termes d\u2019\u00e9quipement informatique et d\u2019infrastructure num\u00e9rique, la cr\u00e9ation d\u2019un syst\u00e8me web pour traiter les demandes li\u00e9es \u00e0 la nationalit\u00e9, le d\u00e9veloppement de sites web pour les tribunaux et les services judiciaires, la r\u00e9vision de certains textes juridiques et la pr\u00e9paration d\u2019un code de conduite pour les auxiliaires de justice.<\/p>\n<p>La d\u00e9claration pr\u00e9voit la r\u00e9vision de la loi antidrogue, la r\u00e9vision du droit de proc\u00e9dure p\u00e9nale et la r\u00e9vision du droit de proc\u00e9dure civile, commerciale et administrative.<\/p>\n<p>Ami<\/p>\n","protected":false},"excerpt":{"rendered":"<p>Son Excellence le Pr\u00e9sident de la R\u00e9publique, Mohamed Ould Cheikh El-Ghazouani, Pr\u00e9sident du Conseil Supr\u00eame de la Magistrature, a pr\u00e9sid\u00e9, mardi soir, au Palais Pr\u00e9sidentiel, la deuxi\u00e8me r\u00e9union de la Commission supr\u00eame de R\u00e9forme de la Justice. La Commission a examin\u00e9 l\u2019ordre du jour propos\u00e9 et a adopt\u00e9 un certain nombre de d\u00e9cisions, qui ont &hellip;<\/p>\n","protected":false},"author":2,"featured_media":15866,"comment_status":"open","ping_status":"open","sticky":false,"template":"","format":"standard","meta":{"footnotes":""},"categories":[18],"tags":[],"class_list":["post-15865","post","type-post","status-publish","format-standard","has-post-thumbnail","hentry","category-actualites"],"_links":{"self":[{"href":"https:\/\/ladepeche.mr\/index.php?rest_route=\/wp\/v2\/posts\/15865","targetHints":{"allow":["GET"]}}],"collection":[{"href":"https:\/\/ladepeche.mr\/index.php?rest_route=\/wp\/v2\/posts"}],"about":[{"href":"https:\/\/ladepeche.mr\/index.php?rest_route=\/wp\/v2\/types\/post"}],"author":[{"embeddable":true,"href":"https:\/\/ladepeche.mr\/index.php?rest_route=\/wp\/v2\/users\/2"}],"replies":[{"embeddable":true,"href":"https:\/\/ladepeche.mr\/index.php?rest_route=%2Fwp%2Fv2%2Fcomments&post=15865"}],"version-history":[{"count":1,"href":"https:\/\/ladepeche.mr\/index.php?rest_route=\/wp\/v2\/posts\/15865\/revisions"}],"predecessor-version":[{"id":15867,"href":"https:\/\/ladepeche.mr\/index.php?rest_route=\/wp\/v2\/posts\/15865\/revisions\/15867"}],"wp:featuredmedia":[{"embeddable":true,"href":"https:\/\/ladepeche.mr\/index.php?rest_route=\/wp\/v2\/media\/15866"}],"wp:attachment":[{"href":"https:\/\/ladepeche.mr\/index.php?rest_route=%2Fwp%2Fv2%2Fmedia&parent=15865"}],"wp:term":[{"taxonomy":"category","embeddable":true,"href":"https:\/\/ladepeche.mr\/index.php?rest_route=%2Fwp%2Fv2%2Fcategories&post=15865"},{"taxonomy":"post_tag","embeddable":true,"href":"https:\/\/ladepeche.mr\/index.php?rest_route=%2Fwp%2Fv2%2Ftags&post=15865"}],"curies":[{"name":"wp","href":"https:\/\/api.w.org\/{rel}","templated":true}]}}