{"id":15868,"date":"2025-05-20T21:30:01","date_gmt":"2025-05-20T21:30:01","guid":{"rendered":"https:\/\/ladepeche.mr\/?p=15868"},"modified":"2025-05-20T20:18:13","modified_gmt":"2025-05-20T20:18:13","slug":"le-ministre-des-affaires-etrangeres-rencontre-lenvoye-special-des-nations-unies-pour-le-sahara-occidental","status":"publish","type":"post","link":"https:\/\/ladepeche.mr\/?p=15868","title":{"rendered":"Le ministre des Affaires \u00e9trang\u00e8res rencontre l\u2019Envoy\u00e9 sp\u00e9cial des Nations Unies pour le Sahara occidental"},"content":{"rendered":"<p>Le ministre des Affaires \u00e9trang\u00e8res, de la Coop\u00e9ration africaine et des Mauritaniens de l\u2019Ext\u00e9rieur, M. Mohamed Salem Ould Merzoug, s\u2019est entretenu, mardi \u00e0 Bruxelles, avec l\u2019Envoy\u00e9 sp\u00e9cial des Nations Unies pour le Sahara occidental, M. Staffan de Mistura.<\/p>\n<p>La rencontre fut l\u2019occasion de passer en revue les domaines de coop\u00e9ration entre la Mauritanie et les Nations Unies et les moyens de les renforcer, ainsi que les questions d\u2019int\u00e9r\u00eat commun.<\/p>\n<p>La r\u00e9union s\u2019est d\u00e9roul\u00e9e en pr\u00e9sence de: outre M. le ministre, l\u2019ambassadeur de Mauritanie \u00e0 Bruxelles, S.E.M. Mohamed Mahmoud Ould Brahim Kh\u2019lil, l\u2019ambassadeur directeur g\u00e9n\u00e9ral de la direction de la coop\u00e9ration multilat\u00e9rale, M. Ahmed Mahmouda, l\u2019ambassadeur directeur de la communication et de l\u2019information au minist\u00e8re, M. Ahmed Mohamed Douwa, et du colonel Mohamed Mokhtar Baba, attach\u00e9 militaire adjoint \u00e0 l\u2019ambassade de Mauritanie \u00e0 Bruxelles.<\/p>\n<p>Ami<\/p>\n","protected":false},"excerpt":{"rendered":"<p>Le ministre des Affaires \u00e9trang\u00e8res, de la Coop\u00e9ration africaine et des Mauritaniens de l\u2019Ext\u00e9rieur, M. Mohamed Salem Ould Merzoug, s\u2019est entretenu, mardi \u00e0 Bruxelles, avec l\u2019Envoy\u00e9 sp\u00e9cial des Nations Unies pour le Sahara occidental, M. Staffan de Mistura. La rencontre fut l\u2019occasion de passer en revue les domaines de coop\u00e9ration entre la Mauritanie et les &hellip;<\/p>\n","protected":false},"author":2,"featured_media":15869,"comment_status":"open","ping_status":"open","sticky":false,"template":"","format":"standard","meta":{"footnotes":""},"categories":[18,29],"tags":[],"class_list":["post-15868","post","type-post","status-publish","format-standard","has-post-thumbnail","hentry","category-actualites","category-monde"],"_links":{"self":[{"href":"https:\/\/ladepeche.mr\/index.php?rest_route=\/wp\/v2\/posts\/15868","targetHints":{"allow":["GET"]}}],"collection":[{"href":"https:\/\/ladepeche.mr\/index.php?rest_route=\/wp\/v2\/posts"}],"about":[{"href":"https:\/\/ladepeche.mr\/index.php?rest_route=\/wp\/v2\/types\/post"}],"author":[{"embeddable":true,"href":"https:\/\/ladepeche.mr\/index.php?rest_route=\/wp\/v2\/users\/2"}],"replies":[{"embeddable":true,"href":"https:\/\/ladepeche.mr\/index.php?rest_route=%2Fwp%2Fv2%2Fcomments&post=15868"}],"version-history":[{"count":1,"href":"https:\/\/ladepeche.mr\/index.php?rest_route=\/wp\/v2\/posts\/15868\/revisions"}],"predecessor-version":[{"id":15870,"href":"https:\/\/ladepeche.mr\/index.php?rest_route=\/wp\/v2\/posts\/15868\/revisions\/15870"}],"wp:featuredmedia":[{"embeddable":true,"href":"https:\/\/ladepeche.mr\/index.php?rest_route=\/wp\/v2\/media\/15869"}],"wp:attachment":[{"href":"https:\/\/ladepeche.mr\/index.php?rest_route=%2Fwp%2Fv2%2Fmedia&parent=15868"}],"wp:term":[{"taxonomy":"category","embeddable":true,"href":"https:\/\/ladepeche.mr\/index.php?rest_route=%2Fwp%2Fv2%2Fcategories&post=15868"},{"taxonomy":"post_tag","embeddable":true,"href":"https:\/\/ladepeche.mr\/index.php?rest_route=%2Fwp%2Fv2%2Ftags&post=15868"}],"curies":[{"name":"wp","href":"https:\/\/api.w.org\/{rel}","templated":true}]}}