{"id":15871,"date":"2025-05-20T20:50:58","date_gmt":"2025-05-20T20:50:58","guid":{"rendered":"https:\/\/ladepeche.mr\/?p=15871"},"modified":"2025-05-20T20:21:45","modified_gmt":"2025-05-20T20:21:45","slug":"le-president-de-la-republique-recoit-une-delegation-de-bp","status":"publish","type":"post","link":"https:\/\/ladepeche.mr\/?p=15871","title":{"rendered":"Le Pr\u00e9sident de la R\u00e9publique re\u00e7oit une d\u00e9l\u00e9gation de BP"},"content":{"rendered":"<p>Le Pr\u00e9sident de la R\u00e9publique, Monsieur Mohamed Ould Cheikh El Ghazouani, a re\u00e7u, mardi au Palais pr\u00e9sidentiel de Nouakchott, une d\u00e9l\u00e9gation de BP, conduite par son PDG, M. Murray Auchincloss.<\/p>\n<p>La r\u00e9union a port\u00e9 sur les relations entre la Mauritanie et BP, et les moyens de renforcer la coop\u00e9ration et le partenariat avec la Mauritanie et le S\u00e9n\u00e9gal, d\u2019une part, et cette entreprise internationale.<\/p>\n<p>Dans une d\u00e9claration \u00e0 l\u2019AMI, le PDG de ce g\u00e9ant mondial du gaz a dit \u201d\u00eatre heureux de rencontrer Son Excellence le Pr\u00e9sident de la R\u00e9publique, \u00e9tant en Mauritanie pour la premi\u00e8re fois\u2019\u2019, ajoutant que son \u2018\u2019entreprise a r\u00e9ussi, apr\u00e8s 10 ans de travail, \u00e0 produire la premi\u00e8re cargaison de gaz naturel liqu\u00e9fi\u00e9 du champ \u2018\u2019Tortue-Ahmeyim\u2019\u2019, a \u2013 t- il dit, exprimant sa satisfaction quant aux progr\u00e8s r\u00e9alis\u00e9s \u00e0 cet \u00e9gard.<\/p>\n<p><img loading=\"lazy\" decoding=\"async\" class=\"wp-image-271427 alignleft b-loaded\" src=\"https:\/\/ami.mr\/fr\/wp-content\/uploads\/2025\/05\/%D8%A7%D9%84%D8%AA%D8%B5%D8%B1%D9%8A%D8%AD1-300x180.jpg\" sizes=\"auto, (max-width: 195px) 100vw, 195px\" srcset=\"https:\/\/ami.mr\/fr\/wp-content\/uploads\/2025\/05\/\u0627\u0644\u062a\u0635\u0631\u064a\u062d1-300x180.jpg 300w, https:\/\/ami.mr\/fr\/wp-content\/uploads\/2025\/05\/\u0627\u0644\u062a\u0635\u0631\u064a\u062d1-1024x615.jpg 1024w, https:\/\/ami.mr\/fr\/wp-content\/uploads\/2025\/05\/\u0627\u0644\u062a\u0635\u0631\u064a\u062d1-768x461.jpg 768w, https:\/\/ami.mr\/fr\/wp-content\/uploads\/2025\/05\/\u0627\u0644\u062a\u0635\u0631\u064a\u062d1-1536x923.jpg 1536w, https:\/\/ami.mr\/fr\/wp-content\/uploads\/2025\/05\/\u0627\u0644\u062a\u0635\u0631\u064a\u062d1-2048x1230.jpg 2048w\" alt=\"\" width=\"195\" height=\"117\" \/>Le PDG de BP International a ajout\u00e9 que \u2018\u2019cette r\u00e9alisation n\u2019aurait pas \u00e9t\u00e9 possible sans le soutien et l\u2019assistance des partenaires en Mauritanie et au S\u00e9n\u00e9gal, r\u00e9it\u00e9rant ses sinc\u00e8res remerciements \u00e0 Son Excellence le Pr\u00e9sident de la R\u00e9publique, et exprimant son aspiration \u00e0 poursuivre les efforts en Mauritanie pour renforcer et d\u00e9velopper ce partenariat\u2019\u2019, dit \u2013 il.<\/p>\n<p>L\u2019audience s\u2019est d\u00e9roul\u00e9e en pr\u00e9sence du ministre charg\u00e9 de cabinet du Pr\u00e9sident de la R\u00e9publique, M. Nani Ould Chrougha, du ministre de l\u2019Energie et du P\u00e9trole, M. Mohamed Ould Khaled, de M. Tall Outhmane, conseiller \u00e0 la Pr\u00e9sidence de la R\u00e9publique, et de M. Ismail Ould Abdelvettah, directeur g\u00e9n\u00e9ral de la Soci\u00e9t\u00e9 Mauritanienne des Hydrocarbures..<\/p>\n<p>Ami<\/p>\n","protected":false},"excerpt":{"rendered":"<p>Le Pr\u00e9sident de la R\u00e9publique, Monsieur Mohamed Ould Cheikh El Ghazouani, a re\u00e7u, mardi au Palais pr\u00e9sidentiel de Nouakchott, une d\u00e9l\u00e9gation de BP, conduite par son PDG, M. Murray Auchincloss. La r\u00e9union a port\u00e9 sur les relations entre la Mauritanie et BP, et les moyens de renforcer la coop\u00e9ration et le partenariat avec la Mauritanie &hellip;<\/p>\n","protected":false},"author":2,"featured_media":15872,"comment_status":"open","ping_status":"open","sticky":false,"template":"","format":"standard","meta":{"footnotes":""},"categories":[18,2],"tags":[],"class_list":["post-15871","post","type-post","status-publish","format-standard","has-post-thumbnail","hentry","category-actualites","category-economie"],"_links":{"self":[{"href":"https:\/\/ladepeche.mr\/index.php?rest_route=\/wp\/v2\/posts\/15871","targetHints":{"allow":["GET"]}}],"collection":[{"href":"https:\/\/ladepeche.mr\/index.php?rest_route=\/wp\/v2\/posts"}],"about":[{"href":"https:\/\/ladepeche.mr\/index.php?rest_route=\/wp\/v2\/types\/post"}],"author":[{"embeddable":true,"href":"https:\/\/ladepeche.mr\/index.php?rest_route=\/wp\/v2\/users\/2"}],"replies":[{"embeddable":true,"href":"https:\/\/ladepeche.mr\/index.php?rest_route=%2Fwp%2Fv2%2Fcomments&post=15871"}],"version-history":[{"count":1,"href":"https:\/\/ladepeche.mr\/index.php?rest_route=\/wp\/v2\/posts\/15871\/revisions"}],"predecessor-version":[{"id":15873,"href":"https:\/\/ladepeche.mr\/index.php?rest_route=\/wp\/v2\/posts\/15871\/revisions\/15873"}],"wp:featuredmedia":[{"embeddable":true,"href":"https:\/\/ladepeche.mr\/index.php?rest_route=\/wp\/v2\/media\/15872"}],"wp:attachment":[{"href":"https:\/\/ladepeche.mr\/index.php?rest_route=%2Fwp%2Fv2%2Fmedia&parent=15871"}],"wp:term":[{"taxonomy":"category","embeddable":true,"href":"https:\/\/ladepeche.mr\/index.php?rest_route=%2Fwp%2Fv2%2Fcategories&post=15871"},{"taxonomy":"post_tag","embeddable":true,"href":"https:\/\/ladepeche.mr\/index.php?rest_route=%2Fwp%2Fv2%2Ftags&post=15871"}],"curies":[{"name":"wp","href":"https:\/\/api.w.org\/{rel}","templated":true}]}}