{"id":15887,"date":"2025-05-21T09:30:55","date_gmt":"2025-05-21T09:30:55","guid":{"rendered":"https:\/\/ladepeche.mr\/?p=15887"},"modified":"2025-05-21T08:26:33","modified_gmt":"2025-05-21T08:26:33","slug":"oms-adoption-de-laccord-sur-les-pandemies-apres-3-ans-de-negociations","status":"publish","type":"post","link":"https:\/\/ladepeche.mr\/?p=15887","title":{"rendered":"OMS: Adoption de l&#8217;accord sur les pand\u00e9mies apr\u00e8s 3 ans de n\u00e9gociations"},"content":{"rendered":"<p data-t=\"{&quot;n&quot;:&quot;blueLinks&quot;,&quot;t&quot;:13,&quot;a&quot;:&quot;click&quot;,&quot;b&quot;:76}\"><strong>La 78\u00e8 Assembl\u00e9e mondiale de la Sant\u00e9 (AMS78), r\u00e9unie du 19 au 27 mai au Palais des Nations \u00e0 Gen\u00e8ve, a adopt\u00e9 formellement, mardi, un accord historique pour mieux pr\u00e9parer le monde contre les prochaines pand\u00e9mies.<\/strong><\/p>\n<p data-t=\"{&quot;n&quot;:&quot;blueLinks&quot;,&quot;t&quot;:13,&quot;a&quot;:&quot;click&quot;,&quot;b&quot;:76}\">Le texte sur la pr\u00e9vention, la pr\u00e9paration et la r\u00e9ponse aux pand\u00e9mies avait \u00e9t\u00e9 d\u00e9j\u00e0 largement approuv\u00e9 la veille, en commission, par 124 voix pour, aucune contre et 11 abstentions.<\/p>\n<p class=\"continue-read-break\" data-t=\"{&quot;n&quot;:&quot;blueLinks&quot;,&quot;t&quot;:13,&quot;a&quot;:&quot;click&quot;,&quot;b&quot;:76}\">Fruit de trois ann\u00e9es de n\u00e9gociations intensives par l\u2019Organe intergouvernemental de n\u00e9gociation, compos\u00e9 de tous les \u00c9tats membres de l\u2019Organisation Mondiale de la Sant\u00e9 (OMS), l\u2019Accord sur les pand\u00e9mies repr\u00e9sente une opportunit\u00e9 unique de pr\u00e9munir le monde contre une r\u00e9p\u00e9tition des souffrances caus\u00e9es par la pand\u00e9mie de Covid-19.<\/p>\n<p data-t=\"{&quot;n&quot;:&quot;blueLinks&quot;,&quot;t&quot;:13,&quot;a&quot;:&quot;click&quot;,&quot;b&quot;:76}\">Cette proposition est la deuxi\u00e8me \u00e0 \u00eatre soumise pour approbation en vertu de l\u2019article 19 de la Constitution de l\u2019OMS, qui autorise les \u00c9tats membres \u00e0 conclure des accords sur la sant\u00e9 mondiale.<\/p>\n<p data-t=\"{&quot;n&quot;:&quot;blueLinks&quot;,&quot;t&quot;:13,&quot;a&quot;:&quot;click&quot;,&quot;b&quot;:76}\">Bien qu\u2019il constitue une perc\u00e9e majeure, d\u2019autres \u00e9tapes devront \u00eatre franchies avant que l\u2019accord soit ouvert \u00e0 la signature des \u00c9tats membres.<\/p>\n<p data-t=\"{&quot;n&quot;:&quot;blueLinks&quot;,&quot;t&quot;:13,&quot;a&quot;:&quot;click&quot;,&quot;b&quot;:76}\">Dans la r\u00e9solution adoptant l\u2019accord, l\u2019assembl\u00e9e a \u00e9tabli un nouveau groupe de travail pour \u00e9tablir une annexe sur les modalit\u00e9s du nouveau syst\u00e8me d\u2019acc\u00e8s aux agents pathog\u00e8nes et de partage des avantages (PABS).<\/p>\n<p data-t=\"{&quot;n&quot;:&quot;blueLinks&quot;,&quot;t&quot;:13,&quot;a&quot;:&quot;click&quot;,&quot;b&quot;:76}\">Cette discussion pourrait prendre entre un et deux ans, \u00e0 l\u2019issue desquels l\u2019accord pourra \u00eatre ouvert \u00e0 la signature. Il entrera en vigueur un mois apr\u00e8s avoir atteint 60 ratifications des \u00c9tats.<\/p>\n<p data-t=\"{&quot;n&quot;:&quot;blueLinks&quot;,&quot;t&quot;:13,&quot;a&quot;:&quot;click&quot;,&quot;b&quot;:76}\">The post\u00a0<a href=\"https:\/\/fr.hespress.com\/424987-oms-adoption-de-laccord-sur-les-pandemies-apres-3-ans-de-negociations.html\" target=\"_blank\" rel=\"noopener\" data-t=\"{&quot;n&quot;:&quot;destination&quot;,&quot;t&quot;:13,&quot;a&quot;:&quot;click&quot;,&quot;b&quot;:1,&quot;c.t&quot;:7}\">OMS: Adoption de l&#8217;accord sur les pand\u00e9mies apr\u00e8s 3 ans de n\u00e9gociations<\/a>\u00a0appeared first on\u00a0<a href=\"https:\/\/fr.hespress.com\/\" target=\"_blank\" rel=\"noopener\" data-t=\"{&quot;n&quot;:&quot;destination&quot;,&quot;t&quot;:13,&quot;a&quot;:&quot;click&quot;,&quot;b&quot;:1,&quot;c.t&quot;:7}\">Hespress Fran\u00e7ais &#8211; Actualit\u00e9s du Maroc<\/a>.<\/p>\n","protected":false},"excerpt":{"rendered":"<p>La 78\u00e8 Assembl\u00e9e mondiale de la Sant\u00e9 (AMS78), r\u00e9unie du 19 au 27 mai au Palais des Nations \u00e0 Gen\u00e8ve, a adopt\u00e9 formellement, mardi, un accord historique pour mieux pr\u00e9parer le monde contre les prochaines pand\u00e9mies. Le texte sur la pr\u00e9vention, la pr\u00e9paration et la r\u00e9ponse aux pand\u00e9mies avait \u00e9t\u00e9 d\u00e9j\u00e0 largement approuv\u00e9 la veille, &hellip;<\/p>\n","protected":false},"author":2,"featured_media":15888,"comment_status":"open","ping_status":"open","sticky":false,"template":"","format":"standard","meta":{"footnotes":""},"categories":[18,27],"tags":[],"class_list":["post-15887","post","type-post","status-publish","format-standard","has-post-thumbnail","hentry","category-actualites","category-sante"],"_links":{"self":[{"href":"https:\/\/ladepeche.mr\/index.php?rest_route=\/wp\/v2\/posts\/15887","targetHints":{"allow":["GET"]}}],"collection":[{"href":"https:\/\/ladepeche.mr\/index.php?rest_route=\/wp\/v2\/posts"}],"about":[{"href":"https:\/\/ladepeche.mr\/index.php?rest_route=\/wp\/v2\/types\/post"}],"author":[{"embeddable":true,"href":"https:\/\/ladepeche.mr\/index.php?rest_route=\/wp\/v2\/users\/2"}],"replies":[{"embeddable":true,"href":"https:\/\/ladepeche.mr\/index.php?rest_route=%2Fwp%2Fv2%2Fcomments&post=15887"}],"version-history":[{"count":1,"href":"https:\/\/ladepeche.mr\/index.php?rest_route=\/wp\/v2\/posts\/15887\/revisions"}],"predecessor-version":[{"id":15889,"href":"https:\/\/ladepeche.mr\/index.php?rest_route=\/wp\/v2\/posts\/15887\/revisions\/15889"}],"wp:featuredmedia":[{"embeddable":true,"href":"https:\/\/ladepeche.mr\/index.php?rest_route=\/wp\/v2\/media\/15888"}],"wp:attachment":[{"href":"https:\/\/ladepeche.mr\/index.php?rest_route=%2Fwp%2Fv2%2Fmedia&parent=15887"}],"wp:term":[{"taxonomy":"category","embeddable":true,"href":"https:\/\/ladepeche.mr\/index.php?rest_route=%2Fwp%2Fv2%2Fcategories&post=15887"},{"taxonomy":"post_tag","embeddable":true,"href":"https:\/\/ladepeche.mr\/index.php?rest_route=%2Fwp%2Fv2%2Ftags&post=15887"}],"curies":[{"name":"wp","href":"https:\/\/api.w.org\/{rel}","templated":true}]}}