{"id":15890,"date":"2025-05-21T10:30:42","date_gmt":"2025-05-21T10:30:42","guid":{"rendered":"https:\/\/ladepeche.mr\/?p=15890"},"modified":"2025-05-21T09:07:31","modified_gmt":"2025-05-21T09:07:31","slug":"planification-financiere-et-budgetaire-le-fmi-apporte-son-appui-technique-pour-ameliorer-les-mecanismes","status":"publish","type":"post","link":"https:\/\/ladepeche.mr\/?p=15890","title":{"rendered":"Planification financi\u00e8re\u00a0et budg\u00e9taire: Le Fmi apporte son appui technique pour am\u00e9liorer les m\u00e9canismes"},"content":{"rendered":"<p>Le Fmi a d\u00e9cid\u00e9 d\u2019apporter un appui technique aux autorit\u00e9s mauritaniennes pour vaincre les goulots d\u2019\u00e9tranglements dans la planification financi\u00e8re et la transparence dans la gestion des ressources publiques, a-t-on officiellement annonc\u00e9 mardi \u00e0 Nouakchott.<\/p>\n<p>La d\u00e9cision a \u00e9t\u00e9 prise, selon une note rendue d\u2019information publique, par le minist\u00e8re des finances et de l\u2019\u00e9conomie (MEF), \u00e0 l\u2019occasion d\u2019un \u00e9change entre le ministre mauritanien d\u00e9l\u00e9gu\u00e9 aupr\u00e8s du ministre de l\u2019\u00c9conomie et des Finances, charg\u00e9 du Budget, Codioro Moussa N\u2019Guenore et une mission d\u2019assistance technique du Fonds mon\u00e9taire international (FMI) conduite par Mme Natalia Salazar, cadre experte en gestion des finances publiques au sein de l\u2019institution.<\/p>\n<p>Selon la note d\u2019information du MEF, la rencontre entre les deux responsables \u00ab\u00a0a constitu\u00e9 une occasion d\u2019examiner les moyens de renforcer la coop\u00e9ration (\u2026) dans le domaine du d\u00e9veloppement des politiques \u00e9conomiques et budg\u00e9taires nationales\u00bb. La rencontre aurait permis d\u2019\u00e9tablir \u00ab\u00a0un diagnostic pr\u00e9cis des forces et faiblesses\u00a0\u00bb des m\u00e9canismes de planification et de formuler des recommandations \u00e0 m\u00eame d\u2019optimiser la fonction budg\u00e9taire globale et d\u2019appuyer son encadrement strat\u00e9gique.<\/p>\n<p>Les deux parties ont par ailleurs convenu, \u00e0 l\u2019issue de cette r\u00e9union \u00e0 laquelle prenait part, le directeur g\u00e9n\u00e9ral du Budget, Ahmed Ould Abbe, ainsi que d\u2019autres responsables concern\u00e9s, suite \u00e0 \u00a0\u00ab\u00a0une \u00e9valuation globale de la fonction budg\u00e9taire macro\u00e9conomique en Mauritanie (\u2026) et \u00ab\u00a0analyse approfondie de l\u2019organisation structurelle, des responsabilit\u00e9s, des outils disponibles, ainsi que des capacit\u00e9s institutionnelles des directions en charge des pr\u00e9visions budg\u00e9taires\u00a0\u00bb que la mission Fmi apportera son expertise technique pour corriger les faiblesses identifi\u00e9es.<\/p>\n<p>L&#8217;assistance technique du FMI, rappelle-t-on, est un appui visant \u00e0 renforcer les capacit\u00e9s des gouvernements dans d&#8217;\u00e9laboration de politiques (comp\u00e9tences humaines, organisation, capacit\u00e9 et proc\u00e9dures institutionnelles). Elle d\u00e9bouche souvent sur des r\u00e9formes pour am\u00e9liorer les rendements notamment les pr\u00e9visions budg\u00e9taires.<\/p>\n<p>&nbsp;<\/p>\n","protected":false},"excerpt":{"rendered":"<p>Le Fmi a d\u00e9cid\u00e9 d\u2019apporter un appui technique aux autorit\u00e9s mauritaniennes pour vaincre les goulots d\u2019\u00e9tranglements dans la planification financi\u00e8re et la transparence dans la gestion des ressources publiques, a-t-on officiellement annonc\u00e9 mardi \u00e0 Nouakchott. La d\u00e9cision a \u00e9t\u00e9 prise, selon une note rendue d\u2019information publique, par le minist\u00e8re des finances et de l\u2019\u00e9conomie (MEF), &hellip;<\/p>\n","protected":false},"author":2,"featured_media":15892,"comment_status":"open","ping_status":"open","sticky":false,"template":"","format":"standard","meta":{"footnotes":""},"categories":[18,2],"tags":[],"class_list":["post-15890","post","type-post","status-publish","format-standard","has-post-thumbnail","hentry","category-actualites","category-economie"],"_links":{"self":[{"href":"https:\/\/ladepeche.mr\/index.php?rest_route=\/wp\/v2\/posts\/15890","targetHints":{"allow":["GET"]}}],"collection":[{"href":"https:\/\/ladepeche.mr\/index.php?rest_route=\/wp\/v2\/posts"}],"about":[{"href":"https:\/\/ladepeche.mr\/index.php?rest_route=\/wp\/v2\/types\/post"}],"author":[{"embeddable":true,"href":"https:\/\/ladepeche.mr\/index.php?rest_route=\/wp\/v2\/users\/2"}],"replies":[{"embeddable":true,"href":"https:\/\/ladepeche.mr\/index.php?rest_route=%2Fwp%2Fv2%2Fcomments&post=15890"}],"version-history":[{"count":1,"href":"https:\/\/ladepeche.mr\/index.php?rest_route=\/wp\/v2\/posts\/15890\/revisions"}],"predecessor-version":[{"id":15893,"href":"https:\/\/ladepeche.mr\/index.php?rest_route=\/wp\/v2\/posts\/15890\/revisions\/15893"}],"wp:featuredmedia":[{"embeddable":true,"href":"https:\/\/ladepeche.mr\/index.php?rest_route=\/wp\/v2\/media\/15892"}],"wp:attachment":[{"href":"https:\/\/ladepeche.mr\/index.php?rest_route=%2Fwp%2Fv2%2Fmedia&parent=15890"}],"wp:term":[{"taxonomy":"category","embeddable":true,"href":"https:\/\/ladepeche.mr\/index.php?rest_route=%2Fwp%2Fv2%2Fcategories&post=15890"},{"taxonomy":"post_tag","embeddable":true,"href":"https:\/\/ladepeche.mr\/index.php?rest_route=%2Fwp%2Fv2%2Ftags&post=15890"}],"curies":[{"name":"wp","href":"https:\/\/api.w.org\/{rel}","templated":true}]}}