{"id":15896,"date":"2025-05-21T13:47:27","date_gmt":"2025-05-21T13:47:27","guid":{"rendered":"https:\/\/ladepeche.mr\/?p=15896"},"modified":"2025-05-21T13:47:27","modified_gmt":"2025-05-21T13:47:27","slug":"des-soldats-israeliens-tirent-sur-des-diplomates-en-cisjordanie","status":"publish","type":"post","link":"https:\/\/ladepeche.mr\/?p=15896","title":{"rendered":"Des soldats isra\u00e9liens tirent sur des diplomates en Cisjordanie"},"content":{"rendered":"<p>L&#8217;Autorit\u00e9 palestinienne a accus\u00e9, mercredi 21 mai 2025, des soldats isra\u00e9liens d&#8217;avoir ouvert le feu \u00ab\u00a0<em>\u00e0 balles r\u00e9elles<\/em>\u00a0\u00bb sur des diplomates \u00e9trangers participant \u00e0 une visite organis\u00e9e par ses soins \u00e0 J\u00e9nine, zone au c\u0153ur d&#8217;une offensive militaire isra\u00e9lienne dans le nord de la Cisjordanie occup\u00e9e.<\/p>\n<p>Le minist\u00e8re palestinien des Affaires \u00e9trang\u00e8res a diffus\u00e9 une vid\u00e9o montrant deux personnes portant des uniformes de l&#8217;arm\u00e9e isra\u00e9lienne mettre en joue un groupe de diplomates.<\/p>\n<p>Un journaliste de l&#8217;AFP pr\u00e9sent un peu plus loin que le lieu o\u00f9 la sc\u00e8ne est cens\u00e9e se d\u00e9rouler a confirm\u00e9 avoir entendu plusieurs coups de feu avant de filmer plusieurs voitures diplomatiques quitter les lieux en h\u00e2te.<\/p>\n<p>Selon des sources diplomatiques, des diplomates de Chine, du Japon et du Mexique ainsi que de plusieurs pays europ\u00e9ens, dont la France, les Pays-Bas et la Roumanie participaient \u00e0 cette visite.<\/p>\n<p>Interrog\u00e9 par l&#8217;AFP, un porte-parole de l&#8217;arm\u00e9e isra\u00e9lienne a indiqu\u00e9 \u00eatre \u00ab\u00a0<em>en train de v\u00e9rifier ces informations<\/em>\u00a0\u00bb.<\/p>\n<p>\u00ab\u00a0<em>C&#8217;\u00e9tait la derni\u00e8re partie de la visite, et soudain nous avons entendu des coups de feu venant du camp<\/em>\u00a0\u00bb de r\u00e9fugi\u00e9s de J\u00e9nine, a d\u00e9clar\u00e9 \u00e0 l&#8217;AFP un diplomate sous couvert d&#8217;anonymat. \u00ab\u00a0<em>Ce n&#8217;\u00e9tait pas juste une ou deux fois. C&#8217;\u00e9tait comme des tirs r\u00e9p\u00e9t\u00e9s. C&#8217;est de la folie. Ce n&#8217;est pas normal\u00a0<\/em>\u00bb, a-t-il ajout\u00e9.<\/p>\n<p>Dans un communiqu\u00e9, le minist\u00e8re palestinien condamne \u00ab\u00a0<em>dans les termes les plus fermes le crime odieux commis par les forces d&#8217;occupation isra\u00e9liennes, qui a consist\u00e9 \u00e0 viser directement \u00e0 balles r\u00e9elles une d\u00e9l\u00e9gation diplomatique accr\u00e9dit\u00e9e aupr\u00e8s de l&#8217;\u00c9tat de Palestine<\/em>\u00a0\u00bb en visite \u00ab\u00a0<em>de terrain \u00e0 J\u00e9nine<\/em>\u00a0\u00bb. Il a d\u00e9clar\u00e9 \u00ab\u00a0<em>une violation flagrante et grave du droit international<\/em>\u00a0\u00bb.<\/p>\n<p>L&#8217;incident survient sur fond de pressions internationales sur Isra\u00ebl pour sa conduite de la guerre \u00e0 Gaza, o\u00f9 de nombreux pays d\u00e9noncent l&#8217;intensification et l&#8217;\u00e9largissement de sa campagne militaire et les souffrances des civils, qui manquent de tout.<\/p>\n<p>\u00ab\u00a0<em>Les pressions ext\u00e9rieures ne d\u00e9tourneront pas Isra\u00ebl de sa voie pour d\u00e9fendre son existence et sa s\u00e9curit\u00e9\u00a0<\/em>\u00bb, ont affirm\u00e9 mardi les Affaires \u00e9trang\u00e8res isra\u00e9liennes.<\/p>\n<p>Afp via www.businessnews.com.tn<\/p>\n","protected":false},"excerpt":{"rendered":"<p>L&#8217;Autorit\u00e9 palestinienne a accus\u00e9, mercredi 21 mai 2025, des soldats isra\u00e9liens d&#8217;avoir ouvert le feu \u00ab\u00a0\u00e0 balles r\u00e9elles\u00a0\u00bb sur des diplomates \u00e9trangers participant \u00e0 une visite organis\u00e9e par ses soins \u00e0 J\u00e9nine, zone au c\u0153ur d&#8217;une offensive militaire isra\u00e9lienne dans le nord de la Cisjordanie occup\u00e9e. Le minist\u00e8re palestinien des Affaires \u00e9trang\u00e8res a diffus\u00e9 une &hellip;<\/p>\n","protected":false},"author":2,"featured_media":15897,"comment_status":"open","ping_status":"open","sticky":false,"template":"","format":"standard","meta":{"footnotes":""},"categories":[18,29],"tags":[],"class_list":["post-15896","post","type-post","status-publish","format-standard","has-post-thumbnail","hentry","category-actualites","category-monde"],"_links":{"self":[{"href":"https:\/\/ladepeche.mr\/index.php?rest_route=\/wp\/v2\/posts\/15896","targetHints":{"allow":["GET"]}}],"collection":[{"href":"https:\/\/ladepeche.mr\/index.php?rest_route=\/wp\/v2\/posts"}],"about":[{"href":"https:\/\/ladepeche.mr\/index.php?rest_route=\/wp\/v2\/types\/post"}],"author":[{"embeddable":true,"href":"https:\/\/ladepeche.mr\/index.php?rest_route=\/wp\/v2\/users\/2"}],"replies":[{"embeddable":true,"href":"https:\/\/ladepeche.mr\/index.php?rest_route=%2Fwp%2Fv2%2Fcomments&post=15896"}],"version-history":[{"count":1,"href":"https:\/\/ladepeche.mr\/index.php?rest_route=\/wp\/v2\/posts\/15896\/revisions"}],"predecessor-version":[{"id":15898,"href":"https:\/\/ladepeche.mr\/index.php?rest_route=\/wp\/v2\/posts\/15896\/revisions\/15898"}],"wp:featuredmedia":[{"embeddable":true,"href":"https:\/\/ladepeche.mr\/index.php?rest_route=\/wp\/v2\/media\/15897"}],"wp:attachment":[{"href":"https:\/\/ladepeche.mr\/index.php?rest_route=%2Fwp%2Fv2%2Fmedia&parent=15896"}],"wp:term":[{"taxonomy":"category","embeddable":true,"href":"https:\/\/ladepeche.mr\/index.php?rest_route=%2Fwp%2Fv2%2Fcategories&post=15896"},{"taxonomy":"post_tag","embeddable":true,"href":"https:\/\/ladepeche.mr\/index.php?rest_route=%2Fwp%2Fv2%2Ftags&post=15896"}],"curies":[{"name":"wp","href":"https:\/\/api.w.org\/{rel}","templated":true}]}}