{"id":1590,"date":"2022-08-26T23:32:37","date_gmt":"2022-08-26T23:32:37","guid":{"rendered":"https:\/\/ladepeche.mr\/?p=1590"},"modified":"2022-08-26T23:32:37","modified_gmt":"2022-08-26T23:32:37","slug":"ouverture-du-premier-festival-international-des-dattes-mauritaniennes","status":"publish","type":"post","link":"https:\/\/ladepeche.mr\/?p=1590","title":{"rendered":"Ouverture du premier festival international des dattes mauritaniennes"},"content":{"rendered":"<p>L\u2019ancien palais des congr\u00e8s de Nouakchott a abrit\u00e9 vendredi sous le haut patronage de Son Excellence le Pr\u00e9sident de la R\u00e9publique, M. Mohamed Ould Cheikh El Ghazouani, le premier Festival International des Dattes Mauritaniennes.<\/p>\n<p>Cette manifestation est organis\u00e9e par le minist\u00e8re de l\u2019Agriculture en coop\u00e9ration avec le Prix international du palmier dattier et de l\u2019innovation agricole dit prix Khalifa des \u00c9mirats Arabes Unis.<\/p>\n<p>Le ministre de l\u2019Agriculture, M. Adama Bocar Soko, a d\u00e9clar\u00e9 dans son discours que l\u2019organisation de ce festival r\u00e9active ainsi le partenariat et la coop\u00e9ration fructueuse entre le secteur agricole et le Prix international Khalifa pour le palmier dattier et l\u2019innovation agricole.<\/p>\n<p>Il concr\u00e9tise, en outre, l\u2019effort inlassable d\u00e9ploy\u00e9 par le minist\u00e8re pour faire avancer l\u2019agriculture en g\u00e9n\u00e9ral, et la fili\u00e8re ph\u00e9nicicole en particulier.<\/p>\n<p>Cette action soutenue du d\u00e9partement a b\u00e9n\u00e9fici\u00e9 par ailleurs, de l\u2019exp\u00e9rience accumul\u00e9e du prix International Khalifa, acquise au cours d\u2019une s\u00e9rie de festivals de dattes arabes r\u00e9ussis, qu\u2019il a organis\u00e9s dans de nombreux pays arabes, ce qui a permis de montrer l\u2019importance des dattes arabes et de stimuler la recherche promouvant le d\u00e9veloppement de divers aspects du traitement des dattes et encourageant l\u2019innovation dans ce domaine.<\/p>\n<p>Il a ajout\u00e9 que la culture du palmier et la production de dattes jouent un r\u00f4le de premier plan dans la r\u00e9alisation de la croissance \u00e9conomique et sociale en ouvrant de larges horizons pour accro\u00eetre les exportations et employer la main-d\u2019\u0153uvre mauritanienne, en raison des formidables qualifications comp\u00e9titives de cette fili\u00e8re.<\/p>\n<p>Le ministre a relev\u00e9 que la Mauritanie poss\u00e8de plus de 2,5 millions de palmiers, r\u00e9parties sur 200 oasis, avec une production annuelle d\u2019environ 25 000 tonnes de dattes. Il a expliqu\u00e9 que ce festival constitue une opportunit\u00e9 pour promouvoir les vari\u00e9t\u00e9s les plus importantes de dattes mauritaniennes sur les march\u00e9s locaux, r\u00e9gionaux et internationaux.<\/p>\n<p>Il s\u2019agit aussi, poursuit-il, de renforcer les liens, d\u2019approfondir la coop\u00e9ration et d\u2019\u00e9changer les exp\u00e9riences entre producteurs et fabricants de dattes de l\u2019int\u00e9rieur et de l\u2019ext\u00e9rieur de la Mauritanie, et de pr\u00e9senter les derni\u00e8res nouveaut\u00e9s dans le domaine de la culture et de l\u2019industrie des dattes des pays arabes participants.<\/p>\n<p>M. Adama Bocar Soko a affirm\u00e9 que durant le festival, les grands efforts d\u00e9ploy\u00e9s par le secteur agricole, en coop\u00e9ration avec ses partenaires au d\u00e9veloppement, seront pass\u00e9s en revue, notamment dans le cadre du Projet d\u2019Am\u00e9nagement et de D\u00e9veloppement des Oasis, qui a permis l\u2019atteinte des objectifs fondamentaux fix\u00e9s dans le domaine.<\/p>\n<p>Parmi ces objectifs, \u00e9tablir de nouvelles oasis bas\u00e9es principalement sur l\u2019exploitation durable des eaux souterraines profondes, alimentant les nappes phr\u00e9atiques en les pr\u00e9servant par la r\u00e9habilitation et l\u2019exploitation des mares et eaux de surface et le strict respect des normes techniques pour la culture du palmier.<\/p>\n<p>Ce sont l\u00e0 autant de moyens d\u2019augmenter et d\u2019am\u00e9liorer la production, et de donner l\u2019occasion, \u2013 pour la premi\u00e8re fois \u2013 aux groupes vuln\u00e9rables de poss\u00e9der des palmiers.<\/p>\n<p>Il a soulign\u00e9 que la mise en place de dizaines de nouvelles oasis mod\u00e8les par le Projet de D\u00e9veloppement des Oasis dans diff\u00e9rentes r\u00e9gions du pays a contribu\u00e9 \u00e0 l\u2019acceptation et \u00e0 l\u2019adoption de normes techniques par les agriculteurs qui les appliquent d\u00e9sormais dans leurs exploitations individuelles.<\/p>\n<p>Le ministre a not\u00e9 que les pr\u00e9cieuses conf\u00e9rences qui seront donn\u00e9es lors du symposium scientifique accompagnant le festival demain samedi, et les recommandations qui en d\u00e9couleront, ne manqueront pas de contribuer \u00e0 f\u00e9d\u00e9rer les efforts de tous les acteurs des institutions gouvernementales, des organismes de recherche et des organisations internationales pour faire progresser le secteur et trouver des solutions pratiques aux probl\u00e8mes auxquels sont confront\u00e9s les producteurs et fabricants de dattes. Elles encourageront \u00e9galement l\u2019innovation, la comp\u00e9tition et le transfert des techniques modernes.<\/p>\n<p>Le festival ouvrira \u00e9galement de nouveaux horizons aux producteurs de dattes pour diversifier, fabriquer et commercialiser leurs produits.<\/p>\n<p>Le ministre a rappel\u00e9 que le festival sera une \u00e9tape importante dans le processus de coop\u00e9ration entre le minist\u00e8re de l\u2019Agriculture et le Prix Khalifa pour valoriser et d\u00e9velopper la culture du palmier, la production et la transformation des dattes.<\/p>\n<p>A son tour, l\u2019ambassadeur des \u00c9mirats Arabes Unis aupr\u00e8s de notre pays, SEM. Hamad Ghanem Al Muhairi, a exprim\u00e9 sa satisfaction pour l\u2019organisation du premier festival international des dattes mauritaniennes par le Prix international Khalifa du palmier dattier et de l\u2019innovation agricole en coop\u00e9ration avec le minist\u00e8re mauritanien de l\u2019Agriculture.<\/p>\n<p>Il a d\u00e9clar\u00e9 que l\u2019organisation du festival en Mauritanie est la preuve de la profondeur des relations privil\u00e9gi\u00e9es entre les deux pays fr\u00e8res et leurs dirigeants, Son Altesse le Cheikh Mohammed bin Zaid Al Nahyan, Pr\u00e9sident des Emirats Arabes Unis, et Son Excellence le Pr\u00e9sident de la R\u00e9publique, M. Mohamed Ould Cheikh El Ghazouani.<\/p>\n<p>Quant au secr\u00e9taire g\u00e9n\u00e9ral du Prix international Khalifa pour le palmier dattier et l\u2019innovation agricole, le Dr Abdel Wahab Zayed, il a expliqu\u00e9 dans son allocution que ce festival est l\u2019une des r\u00e9ussites de la coop\u00e9ration existante entre les deux pays fr\u00e8res d\u2019une mani\u00e8re qui am\u00e9liore la s\u00e9curit\u00e9 alimentaire par le d\u00e9veloppement et l\u2019exploitation des ressources naturelles, soulignant que le d\u00e9veloppement durable est \u00e9troitement li\u00e9 \u00e0 l\u2019agriculture.<\/p>\n<p>Il a ajout\u00e9 que le festival vient confirmer la profondeur des relations bilat\u00e9rales entre les deux pays et l\u2019\u00e9troite coop\u00e9ration entre les deux peuples tout comme il met l\u2019accent sur la r\u00e9putation internationale du Prix international Khalifa pour le palmier dattier et l\u2019innovation agricole et son r\u00f4le vital en tant que plate-forme pour la cr\u00e9ation de partenariats internationaux pour le d\u00e9veloppement du palmier et de la production de dattes et son progr\u00e8s aux niveaux arabe et international.<\/p>\n<p>Dans son allocution, le maire de la commune de Tevragh Zeina, M. Taleb Ould Mahjoub, a souhait\u00e9 la bienvenue aux d\u00e9l\u00e9gations participant \u00e0 ce festival qui se d\u00e9roule dans une circonstance nationale particuli\u00e8re de l\u2019histoire du pays marqu\u00e9e par l\u2019harmonie et l\u2019action soutenue pour la reprise \u00e9conomique afin de r\u00e9aliser un d\u00e9veloppement prometteur qui assure l\u2019autosuffisance, et r\u00e9pond aux aspirations l\u00e9gitimes du citoyen mauritanien \u00e0 vivre digne et heureux.<\/p>\n<p>Il a d\u00e9clar\u00e9 que le concours mauritanien de dattes, organis\u00e9 par le minist\u00e8re de l\u2019Agriculture en coop\u00e9ration avec le Prix international Khalifa du palmier dattier et de l\u2019innovation agricole \u2013 pour la premi\u00e8re fois dans notre pays \u2013 constitue une initiative cr\u00e9atrice qui motivera les agriculteurs et producteurs de dattes de Mauritanie pour redoubler d\u2019efforts et encourager la cr\u00e9ativit\u00e9 et l\u2019innovation dans leurs m\u00e9thodes et techniques de production et de conservation des dattes et plus g\u00e9n\u00e9ralement dans le d\u00e9veloppement des oasis.<\/p>\n<p>Au cours de la c\u00e9r\u00e9monie d\u2019ouverture, le Dr Abdel Wahab Zayed, secr\u00e9taire g\u00e9n\u00e9ral du Prix international Khalifa pour le palmier dattier et l\u2019innovation agricole, a remis le bouclier officiel du Prix \u00e0 Son Excellence le Pr\u00e9sident de la R\u00e9publique, M. Mohamed Ould Cheikh El Ghazouani, r\u00e9ceptionn\u00e9 par le ministre de l\u2019Agriculture, M. Adama Bocar Soko.<\/p>\n<p>Au cours de la c\u00e9r\u00e9monie, les laur\u00e9ats des prix du concours de dattes lors de sa premi\u00e8re session ont \u00e9t\u00e9 prim\u00e9s pour la meilleure personnalit\u00e9 ayant servi le secteur du palmier et des dattes en Mauritanie, la meilleure association de partenariat qui a servi le secteur en Mauritanie, et les meilleurs agriculteurs pour les vari\u00e9t\u00e9s : \u00ab Sekani \u00bb, \u00ab Ahmar \u00bb et \u00ab Mahboula \u00bb, le meilleur producteur artisanal des d\u00e9riv\u00e9s du palmier en Mauritanie, le meilleur produit alimentaire des dattes mauritaniennes, et la meilleure palmeraie \u00ab Zriba \u00bb.<\/p>\n<p>Les personnalit\u00e9s mauritaniennes influentes du secteur du dattier ont \u00e9galement \u00e9t\u00e9 prim\u00e9es.<\/p>\n<p>Apr\u00e8s la c\u00e9r\u00e9monie d\u2019ouverture, les ministres et les d\u00e9l\u00e9gations participantes ont visit\u00e9 les pavillons de l\u2019exposition organis\u00e9e dans le cadre des activit\u00e9s du festival, qui comprend 56 pavillons pour les producteurs et fabricants nationaux, des pays arabes fr\u00e8res et des organisations internationales. Les activit\u00e9s du premier festival international des dattes mauritaniennes se poursuivront pendant trois jours.<\/p>\n<p>La c\u00e9r\u00e9monie d\u2019ouverture du festival s\u2019est d\u00e9roul\u00e9e en pr\u00e9sence des ministres de : l\u2019Hydraulique et l\u2019Assainissement, de la Culture, de la Jeunesse, des Sports, des Relations avec le Parlement, de l\u2019Environnement et du D\u00e9veloppement Durable, ainsi que du secr\u00e9taire g\u00e9n\u00e9ral du minist\u00e8re de l\u2019Agriculture, du wali de Nouakchott- Ouest , du pr\u00e9sident du Conseil R\u00e9gional de Nouakchott et de nombreuses autres personnalit\u00e9s.<\/p>\n<p>Ami<\/p>\n","protected":false},"excerpt":{"rendered":"<p>L\u2019ancien palais des congr\u00e8s de Nouakchott a abrit\u00e9 vendredi sous le haut patronage de Son Excellence le Pr\u00e9sident de la R\u00e9publique, M. Mohamed Ould Cheikh El Ghazouani, le premier Festival International des Dattes Mauritaniennes. Cette manifestation est organis\u00e9e par le minist\u00e8re de l\u2019Agriculture en coop\u00e9ration avec le Prix international du palmier dattier et de l\u2019innovation &hellip;<\/p>\n","protected":false},"author":2,"featured_media":1591,"comment_status":"open","ping_status":"open","sticky":false,"template":"","format":"standard","meta":{"footnotes":""},"categories":[18,15,2],"tags":[],"class_list":["post-1590","post","type-post","status-publish","format-standard","has-post-thumbnail","hentry","category-actualites","category-culture","category-economie"],"_links":{"self":[{"href":"https:\/\/ladepeche.mr\/index.php?rest_route=\/wp\/v2\/posts\/1590","targetHints":{"allow":["GET"]}}],"collection":[{"href":"https:\/\/ladepeche.mr\/index.php?rest_route=\/wp\/v2\/posts"}],"about":[{"href":"https:\/\/ladepeche.mr\/index.php?rest_route=\/wp\/v2\/types\/post"}],"author":[{"embeddable":true,"href":"https:\/\/ladepeche.mr\/index.php?rest_route=\/wp\/v2\/users\/2"}],"replies":[{"embeddable":true,"href":"https:\/\/ladepeche.mr\/index.php?rest_route=%2Fwp%2Fv2%2Fcomments&post=1590"}],"version-history":[{"count":1,"href":"https:\/\/ladepeche.mr\/index.php?rest_route=\/wp\/v2\/posts\/1590\/revisions"}],"predecessor-version":[{"id":1592,"href":"https:\/\/ladepeche.mr\/index.php?rest_route=\/wp\/v2\/posts\/1590\/revisions\/1592"}],"wp:featuredmedia":[{"embeddable":true,"href":"https:\/\/ladepeche.mr\/index.php?rest_route=\/wp\/v2\/media\/1591"}],"wp:attachment":[{"href":"https:\/\/ladepeche.mr\/index.php?rest_route=%2Fwp%2Fv2%2Fmedia&parent=1590"}],"wp:term":[{"taxonomy":"category","embeddable":true,"href":"https:\/\/ladepeche.mr\/index.php?rest_route=%2Fwp%2Fv2%2Fcategories&post=1590"},{"taxonomy":"post_tag","embeddable":true,"href":"https:\/\/ladepeche.mr\/index.php?rest_route=%2Fwp%2Fv2%2Ftags&post=1590"}],"curies":[{"name":"wp","href":"https:\/\/api.w.org\/{rel}","templated":true}]}}