{"id":15906,"date":"2025-05-21T18:53:36","date_gmt":"2025-05-21T18:53:36","guid":{"rendered":"https:\/\/ladepeche.mr\/?p=15906"},"modified":"2025-05-21T18:53:36","modified_gmt":"2025-05-21T18:53:36","slug":"la-mauritanie-et-la-bid-signent-un-accord-de-36-millions-deuros-destine-a-la-formation-professionnelle-et-lemploi-des-jeunes","status":"publish","type":"post","link":"https:\/\/ladepeche.mr\/?p=15906","title":{"rendered":"La Mauritanie et la BID signent un accord de 36 millions d\u2019euros destin\u00e9 \u00e0 la formation professionnelle et l\u2019emploi des jeunes"},"content":{"rendered":"<p>En marge des assembl\u00e9es annuelles du Groupe de la Banque islamique de d\u00e9veloppement, qui se tiennent \u00e0 Alger, la Mauritanie et la Banque islamique de d\u00e9veloppement (BID) ont proc\u00e9d\u00e9, ce mercredi, \u00e0 la signature d\u2019un accord de financement d\u2019un montant de 36 millions d\u2019euros.<\/p>\n<p>La partie mauritanienne \u00e9tait repr\u00e9sent\u00e9e par le ministre de l\u2019\u00c9conomie et des Finances, M. Sid&#8217; Ahmed Ould Bouh, tandis que le pr\u00e9sident du Groupe de la BID, M. Mohammed Al Jasser, a sign\u00e9 pour l\u2019institution financi\u00e8re.<\/p>\n<p>Cet accord vise \u00e0 financer un projet de d\u00e9veloppement de la formation professionnelle et de promotion de l\u2019emploi des jeunes, s\u2019inscrivant dans le cadre de la strat\u00e9gie nationale de formation professionnelle 2023-2030. Il a pour ambition de combler le d\u00e9ficit en main-d\u2019\u0153uvre qualifi\u00e9e, adapt\u00e9 aux besoins du march\u00e9 du travail mauritanien.<\/p>\n<p>Le projet pr\u00e9voit le renforcement du syst\u00e8me national de formation professionnelle \u00e0 travers la cr\u00e9ation de deux p\u00f4les int\u00e9gr\u00e9s de formation. Le premier, un p\u00f4le technologique polyvalent, sera \u00e9difi\u00e9 dans la moughataa de Dar Na\u00efm ( Nouakchott Nord) sur une superficie de 16 500 m\u00b2, avec une capacit\u00e9 d\u2019accueil de 1 360 stagiaires r\u00e9partis sur 34 sp\u00e9cialit\u00e9s techniques.<\/p>\n<p>Le second p\u00f4le consistera en la r\u00e9habilitation du centre de formation aux m\u00e9tiers du b\u00e2timent, des travaux publics et des m\u00e9tiers urbains, situ\u00e9 dans la moughataa d&#8217;El Mina ( Nouakchott sud ). Ce centre s\u2019\u00e9tendra sur 7 400 m\u00b2 et pourra accueillir environ 2 040 stagiaires dans 23 disciplines professionnelles.<\/p>\n<p>Le projet pr\u00e9voit \u00e9galement la r\u00e9vision de 57 programmes de formation selon l\u2019approche par comp\u00e9tences, la formation de 110 agents techniques et p\u00e9dagogiques ainsi que 26 cadres administratifs, et l\u2019attribution de bourses \u00e0 30 stagiaires inscrits dans les centres de formation professionnelle et d\u2019insertion.<\/p>\n<p>Ce programme devrait g\u00e9n\u00e9rer des retomb\u00e9es \u00e9conomiques et sociales significatives, en \u00e9largissant l\u2019acc\u00e8s \u00e0 la formation professionnelle pour les jeunes, en renfor\u00e7ant leur employabilit\u00e9, et en favorisant leur insertion rapide et durable sur le march\u00e9 du travail.<\/p>\n<p>Il contribuera \u00e9galement \u00e0 renforcer la comp\u00e9titivit\u00e9 des entreprises nationales en leur fournissant une main-d\u2019\u0153uvre qualifi\u00e9e, tout en encourageant l\u2019entrepreneuriat chez les jeunes.<\/p>\n<p>Les nouveaux \u00e9tablissements mettront l\u2019accent sur des fili\u00e8res strat\u00e9giques telles que la transition num\u00e9rique, l\u2019intelligence artificielle, le management et le commerce, l\u2019ing\u00e9nierie \u00e9lectrique et m\u00e9canique, l\u2019\u00e9nergie thermique, la climatisation, le transport et la logistique, ainsi que les m\u00e9tiers du b\u00e2timent, des travaux publics et de l\u2019artisanat urbain.<\/p>\n<p>Ce projet s\u2019inscrit dans les objectifs du Plan strat\u00e9gique de croissance acc\u00e9l\u00e9r\u00e9e et de prosp\u00e9rit\u00e9 partag\u00e9e 2016-2030, en soutenant le d\u00e9veloppement du capital humain et la croissance inclusive.<\/p>\n<p>Les centres seront dot\u00e9s d\u2019\u00e9quipements modernes : ateliers, salles de classe, laboratoires, espaces de coworking, usine num\u00e9rique, auditorium, centre multim\u00e9dia, internat, restaurant et salle de sport.<\/p>\n<p>Ils disposeront \u00e9galement de logiciels de gestion p\u00e9dagogique, de plateformes e-learning, de ressources num\u00e9riques et de biblioth\u00e8ques sp\u00e9cialis\u00e9es, garantissant une formation professionnelle de qualit\u00e9, en ad\u00e9quation avec les besoins du march\u00e9 et de la promotion du travail (OFPPT) de Rabat, au Royaume du Maroc.<\/p>\n","protected":false},"excerpt":{"rendered":"<p>En marge des assembl\u00e9es annuelles du Groupe de la Banque islamique de d\u00e9veloppement, qui se tiennent \u00e0 Alger, la Mauritanie et la Banque islamique de d\u00e9veloppement (BID) ont proc\u00e9d\u00e9, ce mercredi, \u00e0 la signature d\u2019un accord de financement d\u2019un montant de 36 millions d\u2019euros. La partie mauritanienne \u00e9tait repr\u00e9sent\u00e9e par le ministre de l\u2019\u00c9conomie et &hellip;<\/p>\n","protected":false},"author":2,"featured_media":15904,"comment_status":"open","ping_status":"open","sticky":false,"template":"","format":"standard","meta":{"footnotes":""},"categories":[18,2],"tags":[],"class_list":["post-15906","post","type-post","status-publish","format-standard","has-post-thumbnail","hentry","category-actualites","category-economie"],"_links":{"self":[{"href":"https:\/\/ladepeche.mr\/index.php?rest_route=\/wp\/v2\/posts\/15906","targetHints":{"allow":["GET"]}}],"collection":[{"href":"https:\/\/ladepeche.mr\/index.php?rest_route=\/wp\/v2\/posts"}],"about":[{"href":"https:\/\/ladepeche.mr\/index.php?rest_route=\/wp\/v2\/types\/post"}],"author":[{"embeddable":true,"href":"https:\/\/ladepeche.mr\/index.php?rest_route=\/wp\/v2\/users\/2"}],"replies":[{"embeddable":true,"href":"https:\/\/ladepeche.mr\/index.php?rest_route=%2Fwp%2Fv2%2Fcomments&post=15906"}],"version-history":[{"count":1,"href":"https:\/\/ladepeche.mr\/index.php?rest_route=\/wp\/v2\/posts\/15906\/revisions"}],"predecessor-version":[{"id":15907,"href":"https:\/\/ladepeche.mr\/index.php?rest_route=\/wp\/v2\/posts\/15906\/revisions\/15907"}],"wp:featuredmedia":[{"embeddable":true,"href":"https:\/\/ladepeche.mr\/index.php?rest_route=\/wp\/v2\/media\/15904"}],"wp:attachment":[{"href":"https:\/\/ladepeche.mr\/index.php?rest_route=%2Fwp%2Fv2%2Fmedia&parent=15906"}],"wp:term":[{"taxonomy":"category","embeddable":true,"href":"https:\/\/ladepeche.mr\/index.php?rest_route=%2Fwp%2Fv2%2Fcategories&post=15906"},{"taxonomy":"post_tag","embeddable":true,"href":"https:\/\/ladepeche.mr\/index.php?rest_route=%2Fwp%2Fv2%2Ftags&post=15906"}],"curies":[{"name":"wp","href":"https:\/\/api.w.org\/{rel}","templated":true}]}}