{"id":15908,"date":"2025-05-21T19:00:21","date_gmt":"2025-05-21T19:00:21","guid":{"rendered":"https:\/\/ladepeche.mr\/?p=15908"},"modified":"2025-05-21T18:58:51","modified_gmt":"2025-05-21T18:58:51","slug":"le-conseil-des-ministres-approuve-le-projet-de-decret-portant-creation-de-linstitut-superieur-de-magistrature-et-metiers-de-la-justice","status":"publish","type":"post","link":"https:\/\/ladepeche.mr\/?p=15908","title":{"rendered":"Le Conseil des ministres approuve le Projet de d\u00e9cret portant cr\u00e9ation de l\u2019Institut Sup\u00e9rieur de Magistrature et M\u00e9tiers de la Justice"},"content":{"rendered":"<div class=\"post-header post-tp-1-header\">\n<h1 class=\"single-post-title\" style=\"text-align: left;\"><span style=\"font-size: 16px; font-weight: 400;\">Le Conseil des Ministres s\u2019est r\u00e9uni le mercredi 21 mai 2025, sous la Pr\u00e9sidence de Son Excellence Monsieur Mohamed OULD CHEIKH EL-GHAZOUANI, Pr\u00e9sident de la R\u00e9publique.<\/span><\/h1>\n<\/div>\n<div class=\"entry-content clearfix single-post-content\">\n<p>Le Conseil a examin\u00e9 et adopt\u00e9 les projets de d\u00e9crets suivants :<\/p>\n<p>\u2010 Projet de d\u00e9cret portant cr\u00e9ation de l\u2019Institut Sup\u00e9rieur de Magistrature et M\u00e9tiers de la Justice (ISMMJ).<\/p>\n<p>Ce projet de d\u00e9cret vise \u00e0 cr\u00e9er un \u00c9tablissement Public \u00e0 caract\u00e8re Administratif (EPA), d\u00e9nomm\u00e9 \u00ab Institut Sup\u00e9rieur de la Magistrature et M\u00e9tiers de la Justice (ISMMJ) \u00bb, charg\u00e9 de la formation initiale et continue des professionnels de la justice, tels que les juges et les autres professions judiciaires, notamment les greffiers, les avocats, les notaires et les huissiers de justice. Ce projet s\u2019appuie sur les r\u00e9sultats des Etats G\u00e9n\u00e9raux de la Justice, que le gouvernement s\u2019est engag\u00e9 \u00e0 appliquer \u00e0 travers sa d\u00e9claration de politique g\u00e9n\u00e9rale et en application de la d\u00e9cision prise par la Commission Sup\u00e9rieure pour la R\u00e9forme et le D\u00e9veloppement de la Justice, lors de sa r\u00e9union tenue le 19 mai 2025.<\/p>\n<p>La cr\u00e9ation de cet Institut vise \u00e9galement \u00e0 doter le Minist\u00e8re de la Justice d\u2019une structure sp\u00e9cialis\u00e9e en mati\u00e8re de formation professionnelle dans le domaine judiciaire, tenant compte des \u00e9volutions l\u00e9gislatives, des pratiques contemporaines et de la d\u00e9ontologie des professions juridiques et judiciaires, contribuant ainsi \u00e0 l\u2019\u00e9mergence d\u2019un capital humain qualifi\u00e9 capable d\u2019am\u00e9liorer l\u2019efficacit\u00e9 et la performance du syst\u00e8me judiciaire.<\/p>\n<p>\u2010 Projet de d\u00e9cret portant nomination du Pr\u00e9sident et des membres du Conseil d\u2019Administration du Centre d\u2019Accueil et de R\u00e9insertion Sociale des Enfants en Conflit avec la loi \u00ab CARSEC \u00bb.<\/p>\n<p>\u2010 Projet de d\u00e9cret portant nomination des membres du Conseil d\u2019Administration de l\u2019\u00c9tablissement National des Awqafs.<\/p>\n<p>\u2010 Projet de d\u00e9cret portant nomination du Pr\u00e9sident et des membres du Conseil d\u2019Administration de la Soci\u00e9t\u00e9 Nationale pour le D\u00e9veloppement des Infrastructures Num\u00e9riques<\/p>\n<p>\u2010 Projet de d\u00e9cret portant nomination du Pr\u00e9sident du Conseil d\u2019Administration de la Soci\u00e9t\u00e9 Mauritanienne de Sucre et D\u00e9riv\u00e9s (COMASUD).<\/p>\n<p>\u2010 Projet de d\u00e9cret portant concession provisoire d\u2019un terrain \u00e0 Nouakchott Sud, Moughataa d\u2019Elmina au profit de la Soci\u00e9t\u00e9 Mauritanienne des Produits P\u00e9troliers M2P-OIL.<\/p>\n<p>Cette concession est accord\u00e9e conform\u00e9ment aux dispositions du d\u00e9cret N\u00b0 2010-080 du 31 mars 2010 abrogeant et rempla\u00e7ant le d\u00e9cret N\u00b0 2000-089 du 17 juillet 2000 pris en application de l\u2019ordonnance N\u00b0 83-127 du 05 juin 1983 portant r\u00e9organisation fonci\u00e8re et domaniale. Dans le cadre de ce projet, la soci\u00e9t\u00e9 souhaite construire un centre d\u2019enf\u00fbtage de gaz butane ainsi qu\u2019un site de stockage de produits p\u00e9troliers, dans le respect des normes de s\u00e9curit\u00e9 et environnementales en vigueur. Ce projet s\u2019inscrit pleinement dans les objectifs strat\u00e9giques du gouvernement visant \u00e0 promouvoir l\u2019industrialisation.<\/p>\n<p>\u2010 Projet de d\u00e9cret portant concession provisoire d\u2019un terrain dans la Wilaya du Trarza, Moughataa de Keur Mac\u00e9ne au profit des MOULINS DE L\u2019EST SA.<\/p>\n<p>\u2010 Projet de d\u00e9cret portant concession provisoire d\u2019un terrain dans la Wilaya du Trarza, Moughataa de Keur Mac\u00e8ne au profit de la Soci\u00e9t\u00e9 INMIYA KHAYRAT.<\/p>\n<p>Ces concessions sont accord\u00e9es au profit de ces deux soci\u00e9t\u00e9s conform\u00e9ment aux dispositions du d\u00e9cret n\u00b0 2010-080 du 31 mars 2010 abrogeant et rempla\u00e7ant le d\u00e9cret n\u00b0 2000-089 du 17 juillet 2000 pris en application de l\u2019ordonnance n\u00b0 83-127 du 05 juin 1983 portant r\u00e9organisation fonci\u00e8re et domaniale. Ces concessions visent \u00e0 renforcer la s\u00e9curit\u00e9 alimentaire et \u00e0 encourager l\u2019industrialisation dans les zones rurales, ainsi qu\u2019\u00e0 cr\u00e9er des opportunit\u00e9s d\u2019emploi dans les zones \u00e0 fort potentiel agricole et pastoral.<\/p>\n<p>Le Ministre de la Justice, Ministre des Affaires Etrang\u00e8res, de la Coop\u00e9ration Africaine et des Mauritaniens de l\u2019Ext\u00e9rieur par int\u00e9rim, a pr\u00e9sent\u00e9 une communication relative \u00e0 la situation internationale.<\/p>\n<p>Le Ministre de l\u2019Int\u00e9rieur, de la Promotion de la D\u00e9centralisation et du D\u00e9veloppement Local a pr\u00e9sent\u00e9 une communication relative \u00e0 la situation int\u00e9rieure.<\/p>\n<p>Le Ministre de la Transformation Num\u00e9rique et de la Modernisation de l\u2019Administration a pr\u00e9sent\u00e9 une communication relative \u00e0 la plateforme num\u00e9rique \u00ab Ain \u00bb d\u00e9di\u00e9e \u00e0 la r\u00e9ception et au traitement des plaintes et signalements des citoyens.<\/p>\n<p>La pr\u00e9sente communication propose une analyse synth\u00e9tique, fond\u00e9e \u00e0 la fois sur les donn\u00e9es issues de la plateforme Ain et sur les contributions des responsables sectoriels charg\u00e9s du traitement des r\u00e9clamations au sein des diff\u00e9rents d\u00e9partements minist\u00e9riels. Elle met en lumi\u00e8re le volume des requ\u00eates enregistr\u00e9es, la diversit\u00e9 de leurs typologies ainsi que leur r\u00e9currence, tout en \u00e9valuant les niveaux de traitement et les principaux indicateurs de performance administrative.<\/p>\n<p>Depuis son lancement en octobre dernier, la plateforme \u00ab Ain \u00bb a enregistr\u00e9 un total de 8.801 cas, dont 5.682 plaintes et 3.119 signalements. Ces dossiers ont \u00e9t\u00e9 trait\u00e9s \u00e0 un taux global de 96 %, ce qui refl\u00e8te une performance administrative tr\u00e8s satisfaisante. Les taux de traitement varient entre 72 % et 100 %, refl\u00e9tant une dynamique variable mais g\u00e9n\u00e9ralement positive.<\/p>\n<p>Enfin, le Conseil a pris les mesures individuelles suivantes :<\/p>\n<p>Minist\u00e8re des Affaires Etrang\u00e8res, de la Coop\u00e9ration Africaine et des Mauritaniens de l\u2019Ext\u00e9rieur<\/p>\n<p>Cabinet du Ministre<\/p>\n<p>\u2010 Le Conseiller charg\u00e9 des Affaires Economiques et Commerciales, M. Cheikh Tijani Mohamed El Moctar, a \u00e9t\u00e9 d\u00e9mis de ses fonctions.<\/p>\n<p>Minist\u00e8re D\u00e9l\u00e9gu\u00e9 aupr\u00e8s du Ministre de l\u2019Int\u00e9rieur, de la Promotion de la D\u00e9centralisation et du D\u00e9veloppement Local, charg\u00e9 de la D\u00e9centralisation et du D\u00e9veloppement Local<\/p>\n<p>Cabinet du Ministre<\/p>\n<p>\u2010 Charg\u00e9e de Mission : Dr Mouna Siyam, titulaire d\u2019un Doctorat en Droit Public<\/p>\n<p>\u2010 Conseill\u00e8re Technique : Mme Hanna Cheikh Melainine, titulaire d\u2019un Master en \u00c9conomie de D\u00e9veloppement.<\/p>\n<p>Ami<\/p>\n<\/div>\n","protected":false},"excerpt":{"rendered":"<p>Le Conseil des Ministres s\u2019est r\u00e9uni le mercredi 21 mai 2025, sous la Pr\u00e9sidence de Son Excellence Monsieur Mohamed OULD CHEIKH EL-GHAZOUANI, Pr\u00e9sident de la R\u00e9publique. Le Conseil a examin\u00e9 et adopt\u00e9 les projets de d\u00e9crets suivants : \u2010 Projet de d\u00e9cret portant cr\u00e9ation de l\u2019Institut Sup\u00e9rieur de Magistrature et M\u00e9tiers de la Justice (ISMMJ). &hellip;<\/p>\n","protected":false},"author":2,"featured_media":15866,"comment_status":"open","ping_status":"open","sticky":false,"template":"","format":"standard","meta":{"footnotes":""},"categories":[18,31],"tags":[],"class_list":["post-15908","post","type-post","status-publish","format-standard","has-post-thumbnail","hentry","category-actualites","category-politique-et-reportages"],"_links":{"self":[{"href":"https:\/\/ladepeche.mr\/index.php?rest_route=\/wp\/v2\/posts\/15908","targetHints":{"allow":["GET"]}}],"collection":[{"href":"https:\/\/ladepeche.mr\/index.php?rest_route=\/wp\/v2\/posts"}],"about":[{"href":"https:\/\/ladepeche.mr\/index.php?rest_route=\/wp\/v2\/types\/post"}],"author":[{"embeddable":true,"href":"https:\/\/ladepeche.mr\/index.php?rest_route=\/wp\/v2\/users\/2"}],"replies":[{"embeddable":true,"href":"https:\/\/ladepeche.mr\/index.php?rest_route=%2Fwp%2Fv2%2Fcomments&post=15908"}],"version-history":[{"count":3,"href":"https:\/\/ladepeche.mr\/index.php?rest_route=\/wp\/v2\/posts\/15908\/revisions"}],"predecessor-version":[{"id":15911,"href":"https:\/\/ladepeche.mr\/index.php?rest_route=\/wp\/v2\/posts\/15908\/revisions\/15911"}],"wp:featuredmedia":[{"embeddable":true,"href":"https:\/\/ladepeche.mr\/index.php?rest_route=\/wp\/v2\/media\/15866"}],"wp:attachment":[{"href":"https:\/\/ladepeche.mr\/index.php?rest_route=%2Fwp%2Fv2%2Fmedia&parent=15908"}],"wp:term":[{"taxonomy":"category","embeddable":true,"href":"https:\/\/ladepeche.mr\/index.php?rest_route=%2Fwp%2Fv2%2Fcategories&post=15908"},{"taxonomy":"post_tag","embeddable":true,"href":"https:\/\/ladepeche.mr\/index.php?rest_route=%2Fwp%2Fv2%2Ftags&post=15908"}],"curies":[{"name":"wp","href":"https:\/\/api.w.org\/{rel}","templated":true}]}}