{"id":15912,"date":"2025-05-22T08:43:29","date_gmt":"2025-05-22T08:43:29","guid":{"rendered":"https:\/\/ladepeche.mr\/?p=15912"},"modified":"2025-05-22T11:22:35","modified_gmt":"2025-05-22T11:22:35","slug":"usa-deux-employes-de-lambassade-israelienne-tues-par-elias-rodriguez","status":"publish","type":"post","link":"https:\/\/ladepeche.mr\/?p=15912","title":{"rendered":"USA: deux employ\u00e9s de l\u2019ambassade isra\u00e9lienne tu\u00e9s par Elias Rodriguez"},"content":{"rendered":"<p class=\"p1\">Deux employ\u00e9s de l&#8217;ambassade isra\u00e9lienne \u00e0 Washington ont \u00e9t\u00e9 tu\u00e9s par un jeune homme, Elias Rodriguez, \u00e2g\u00e9 de 30 ans et originaire de Chicago, ont annonc\u00e9 les autorit\u00e9s \u00e9tats-uniennes.<\/p>\n<p class=\"p1\"><span class=\"s1\">Le jeune homme avait \u00e9t\u00e9 arr\u00eat\u00e9 quelques instants apr\u00e8s son acte.<\/span><\/p>\n<p class=\"p1\"><span class=\"s1\">Une enqu\u00eate a \u00e9t\u00e9 ouverte pour d\u00e9terminer le mobile de l\u2019attaque.<\/span><\/p>\n<p class=\"p1\"><span class=\"s1\">Un acte que tente encore d\u2019exploiter, en amalgame, le premier Ministre Isra\u00eblien, B. Netanyahu le qualifiant d\u2019acte \u201canti s\u00e9mite\u201d alors qu\u2019Isra\u00ebl est de plus en plus critiqu\u00e9 sur la sc\u00e8ne internationale pour sa guerre g\u00e9nocidaire perp\u00e9tr\u00e9e \u00e0 Gaza.<\/span><\/p>\n<p class=\"p1\"><span class=\"s1\">Plusieurs opposants isra\u00e9liens accusent d\u2019ailleurs B.Netanyahu d\u2019avoir rendu Isra\u00e9l \u201chonni\u201d et \u201cd\u00e9test\u00e9\u201d dans le monde pour sa violence et sa barbarie diffus\u00e9es dans le monde entier tuant aveugl\u00e9ment pr\u00e8s de 60 milles civils palestiniens et tentant d\u2019en d\u00e9porter les rescap\u00e9s.<\/span><\/p>\n<p class=\"p1\"><span class=\"s1\">Hier encore des diplomates de plusieurs pays dont des pays europ\u00e9ens et de la Chine avaient essuy\u00e9 des tirs de l\u2019arm\u00e9e isra\u00e9lienne \u00e0 balles r\u00e9elles \u00e0 Jenine et sans sommation lors d\u2019une visite d\u2019information sur les exactions isra\u00e9liennes contre le camp de r\u00e9fugi\u00e9s palestinien.<\/span><\/p>\n<p class=\"p1\"><span class=\"s1\">Un incident \u00e0 l\u2019issue duquel les pays europ\u00e9ens ont convoqu\u00e9 les ambassadeurs isra\u00e9liens accr\u00e9dit\u00e9s dans leurs capitales pour protester contre le ciblage des diplomates.<\/span><\/p>\n<p class=\"p1\"><span class=\"s1\">A noter que l\u2019opposition isra\u00e9lienne se d\u00e9solidarise du gouvernement isra\u00e9lien dont elle accuse le chef de perp\u00e9tuer la guerre contre Gaza pour retarder son proc\u00e8s en abus de pouvoir et d\u00e9tournement de fonds. <\/span><\/p>\n","protected":false},"excerpt":{"rendered":"<p>Deux employ\u00e9s de l&#8217;ambassade isra\u00e9lienne \u00e0 Washington ont \u00e9t\u00e9 tu\u00e9s par un jeune homme, Elias Rodriguez, \u00e2g\u00e9 de 30 ans et originaire de Chicago, ont annonc\u00e9 les autorit\u00e9s \u00e9tats-uniennes. Le jeune homme avait \u00e9t\u00e9 arr\u00eat\u00e9 quelques instants apr\u00e8s son acte. Une enqu\u00eate a \u00e9t\u00e9 ouverte pour d\u00e9terminer le mobile de l\u2019attaque. Un acte que tente &hellip;<\/p>\n","protected":false},"author":2,"featured_media":15913,"comment_status":"open","ping_status":"open","sticky":false,"template":"","format":"standard","meta":{"footnotes":""},"categories":[18,29],"tags":[],"class_list":["post-15912","post","type-post","status-publish","format-standard","has-post-thumbnail","hentry","category-actualites","category-monde"],"_links":{"self":[{"href":"https:\/\/ladepeche.mr\/index.php?rest_route=\/wp\/v2\/posts\/15912","targetHints":{"allow":["GET"]}}],"collection":[{"href":"https:\/\/ladepeche.mr\/index.php?rest_route=\/wp\/v2\/posts"}],"about":[{"href":"https:\/\/ladepeche.mr\/index.php?rest_route=\/wp\/v2\/types\/post"}],"author":[{"embeddable":true,"href":"https:\/\/ladepeche.mr\/index.php?rest_route=\/wp\/v2\/users\/2"}],"replies":[{"embeddable":true,"href":"https:\/\/ladepeche.mr\/index.php?rest_route=%2Fwp%2Fv2%2Fcomments&post=15912"}],"version-history":[{"count":3,"href":"https:\/\/ladepeche.mr\/index.php?rest_route=\/wp\/v2\/posts\/15912\/revisions"}],"predecessor-version":[{"id":15938,"href":"https:\/\/ladepeche.mr\/index.php?rest_route=\/wp\/v2\/posts\/15912\/revisions\/15938"}],"wp:featuredmedia":[{"embeddable":true,"href":"https:\/\/ladepeche.mr\/index.php?rest_route=\/wp\/v2\/media\/15913"}],"wp:attachment":[{"href":"https:\/\/ladepeche.mr\/index.php?rest_route=%2Fwp%2Fv2%2Fmedia&parent=15912"}],"wp:term":[{"taxonomy":"category","embeddable":true,"href":"https:\/\/ladepeche.mr\/index.php?rest_route=%2Fwp%2Fv2%2Fcategories&post=15912"},{"taxonomy":"post_tag","embeddable":true,"href":"https:\/\/ladepeche.mr\/index.php?rest_route=%2Fwp%2Fv2%2Ftags&post=15912"}],"curies":[{"name":"wp","href":"https:\/\/api.w.org\/{rel}","templated":true}]}}