{"id":15916,"date":"2025-05-22T10:13:34","date_gmt":"2025-05-22T10:13:34","guid":{"rendered":"https:\/\/ladepeche.mr\/?p=15916"},"modified":"2025-05-22T10:13:34","modified_gmt":"2025-05-22T10:13:34","slug":"tirs-contre-des-diplomates-en-cisjordanie-les-condamnations-senchainent-contre-israel","status":"publish","type":"post","link":"https:\/\/ladepeche.mr\/?p=15916","title":{"rendered":"Tirs contre des diplomates en Cisjordanie: Les condamnations s&#8217;enchainent contre Isra\u00ebl"},"content":{"rendered":"<p><strong>Les condamnations internationales pleuvent apr\u00e8s des tirs de l<\/strong><strong>\u2019arm\u00e9e isra\u00e9lienne visant des ambassadeurs de plusieurs pays, \u00e0 J\u00e9nine, en Cisjordanie occup\u00e9e. Parmi les diplomates pr\u00e9sents dans la d\u00e9l\u00e9gation se trouvait l<\/strong><strong>\u2019ambassadeur du Maroc, ainsi que plusieurs ambassadeurs des pays de l<\/strong><strong>\u2019Union europ\u00e9enne.<\/strong><\/p>\n<p data-t=\"{&quot;n&quot;:&quot;blueLinks&quot;,&quot;t&quot;:13,&quot;a&quot;:&quot;click&quot;,&quot;b&quot;:76}\">Au moment o\u00f9 les images de l\u2019offensive isra\u00e9lienne sur Gaza continuent de glacer le sang et les condamnations internationales se multiplient, l\u2019arm\u00e9e isra\u00e9lienne s\u2019est attaqu\u00e9e \u00e0 des diplomates \u00e9trangers, bien que la Convention de Vienne pr\u00e9voit l\u2019inviolabilit\u00e9 des agents diplomatiques.<\/p>\n<p class=\"continue-read-break\" data-t=\"{&quot;n&quot;:&quot;blueLinks&quot;,&quot;t&quot;:13,&quot;a&quot;:&quot;click&quot;,&quot;b&quot;:76}\">L\u2019attaque s\u2019est d\u00e9roul\u00e9e lors d\u2019une visite de diplomates organis\u00e9e par l\u2019Autorit\u00e9 palestinienne \u00e0 J\u00e9nine en Cisjordanie occup\u00e9e. Selon l\u2019agence de presse palestinienne Wafa, la d\u00e9l\u00e9gation comprenait des diplomates de nombreux pays, dont la France, le Royaume-Uni, l\u2019Espagne, le Canada, la Turquie, la Russie, le Br\u00e9sil, l\u2019Inde, l\u2019Egypte et le Chili.<\/p>\n<p data-t=\"{&quot;n&quot;:&quot;blueLinks&quot;,&quot;t&quot;:13,&quot;a&quot;:&quot;click&quot;,&quot;b&quot;:76}\">Toutefois, d\u2019autres pays ont vivement critiqu\u00e9 et d\u00e9nonc\u00e9 cette attaque qualifi\u00e9e de \u00ab\u2009crime odieux\u2009\u00bb par l\u2019Autorit\u00e9 palestinienne. Il s\u2019agit notamment de la Belgique, du Portugal, des Pays-Bas, de la Jordanie, de l\u2019Arabie Saoudite, de la Roumanie, de l\u2019Uruguay et du Mexique.<\/p>\n<div class=\"intra-article-module\" data-t=\"{&quot;n&quot;:&quot;intraArticle&quot;,&quot;t&quot;:13}\">\n<div class=\"articlePageIntraArticleFullWidth ad-slot-placeholder left-image-intra-ad full-bleed-image-intra-ad collapsed\" data-ad-index=\"1\">\n<div class=\"intra-article-ad-full left-image-intra-ad full-bleed-image-intra-ad\">\n<div>\n<div class=\"full-bleed-image-intra-ad\">&lt;cs-card &#8220;=&#8221;&#8221; class=&#8221;card-outer &#8221; id=&#8221;native_ad_collapse-inarticle-0&#8243; part=&#8221;&#8221; size=&#8221;_1x_2y&#8221;&gt;<\/p>\n<div class=\"content no-image\">\n<div id=\"media-overlay\" class=\"media-overlay\"><\/div>\n<div class=\"text\">\n<div class=\"choice-slug-wrapper\">\n<div class=\"ad-slug\">\n<div class=\"ad-provider\"><\/div>\n<\/div>\n<div class=\"ad-choice-container\"><\/div>\n<\/div>\n<p><a id=\"heading\" class=\"heading\" target=\"_blank\"><\/a><\/p>\n<div id=\"abstract\" class=\"abstract\"><\/div>\n<\/div>\n<div class=\"action-tray preload\">\n<div id=\"footer-start\" class=\"footer-start\"><\/div>\n<div id=\"footer-end\" class=\"footer-end\"><\/div>\n<\/div>\n<div class=\"hide-story-wrapper\">\n<div id=\"hide-story\" class=\"hide-story\"><\/div>\n<\/div>\n<\/div>\n<\/div>\n<\/div>\n<\/div>\n<\/div>\n<\/div>\n<p data-t=\"{&quot;n&quot;:&quot;blueLinks&quot;,&quot;t&quot;:13,&quot;a&quot;:&quot;click&quot;,&quot;b&quot;:76}\">L\u2019ambassadeur du Maroc, Abderrahim Meziane, \u00e9tait \u00e9galement l\u2019un des participants \u00e0 cette visite de diplomates, en t\u00e9moigne une vid\u00e9o dans laquelle il paraissait donner une d\u00e9claration \u00e0 un m\u00e9dia avant que les tirs isra\u00e9liens ne commencent et fassent quitter les lieux aux personnes pr\u00e9sentes.<\/p>\n<p class=\"\" data-t=\"{&quot;n&quot;:&quot;blueLinks&quot;,&quot;t&quot;:13,&quot;a&quot;:&quot;click&quot;,&quot;b&quot;:76}\">Dans un communiqu\u00e9, l\u2019arm\u00e9e isra\u00e9lienne a reconnu avoir effectu\u00e9 des tirs de \u00ab\u2009sommation\u2009\u00bb, indiquant que \u00ab\u2009la d\u00e9l\u00e9gation s\u2019est \u00e9cart\u00e9e de l\u2019itin\u00e9raire approuv\u00e9 et est entr\u00e9e dans une zone o\u00f9 elle n\u2019\u00e9tait pas autoris\u00e9e \u00e0 se trouver\u2009\u00bb, et \u00ab\u2009des soldats en op\u00e9ration dans la zone ont tir\u00e9 des coups de semonce pour les \u00e9loigner\u2009\u00bb.<\/p>\n<p data-t=\"{&quot;n&quot;:&quot;blueLinks&quot;,&quot;t&quot;:13,&quot;a&quot;:&quot;click&quot;,&quot;b&quot;:76}\">Plusieurs pays sont mont\u00e9s au cr\u00e9neau apr\u00e8s l\u2019incident et plusieurs r\u00e9actions ont \u00e9t\u00e9 annonc\u00e9es jusque tard dans la soir\u00e9e de mercredi. La cheffe de la diplomatie europ\u00e9enne Kaja Kallas a d\u00e9clar\u00e9 que toute menace contre la vie de diplomates est \u00ab\u2009inacceptable\u2009\u00bb, a-t-il r\u00e9agi aussit\u00f4t apr\u00e8s les faits.<\/p>\n<div class=\"intra-article-module\" data-t=\"{&quot;n&quot;:&quot;intraArticle&quot;,&quot;t&quot;:13}\">\n<div class=\"articlePageIntraArticleFullWidth ad-slot-placeholder left-image-intra-ad full-bleed-image-intra-ad collapsed\" data-ad-index=\"2\">\n<div class=\"intra-article-ad-full left-image-intra-ad full-bleed-image-intra-ad\">\n<div>\n<div class=\"full-bleed-image-intra-ad\">&lt;cs-card &#8220;=&#8221;&#8221; class=&#8221;card-outer &#8221; id=&#8221;native_ad_collapse-inarticle-0&#8243; part=&#8221;&#8221; size=&#8221;_1x_2y&#8221;&gt;<\/p>\n<div class=\"content no-image\">\n<div id=\"media-overlay\" class=\"media-overlay\"><\/div>\n<div class=\"text\">\n<div class=\"choice-slug-wrapper\">\n<div class=\"ad-slug\">\n<div class=\"ad-provider\"><\/div>\n<\/div>\n<div class=\"ad-choice-container\"><\/div>\n<\/div>\n<p><a id=\"heading\" class=\"heading\" target=\"_blank\"><\/a><\/p>\n<div id=\"abstract\" class=\"abstract\"><\/div>\n<\/div>\n<div class=\"action-tray preload\">\n<div id=\"footer-start\" class=\"footer-start\"><\/div>\n<div id=\"footer-end\" class=\"footer-end\"><\/div>\n<\/div>\n<div class=\"hide-story-wrapper\">\n<div id=\"hide-story\" class=\"hide-story\"><\/div>\n<\/div>\n<\/div>\n<\/div>\n<\/div>\n<\/div>\n<\/div>\n<\/div>\n<p data-t=\"{&quot;n&quot;:&quot;blueLinks&quot;,&quot;t&quot;:13,&quot;a&quot;:&quot;click&quot;,&quot;b&quot;:76}\">L\u2019ONU a \u00e9galement vivement r\u00e9agi, y compris plusieurs pays de l\u2019Union europ\u00e9enne, \u00e0 l\u2019instar de l\u2019Allemagne, la Belgique, l\u2019Espagne, l\u2019Irlande, les Pays-Bas, l\u2019Irlande, la Roumanie, ainsi que la Turquie, la Jordanie, l\u2019Arabie saoudite et l\u2019Egypte ont \u00e9galement condamn\u00e9 les tirs.<\/p>\n<p data-t=\"{&quot;n&quot;:&quot;blueLinks&quot;,&quot;t&quot;:13,&quot;a&quot;:&quot;click&quot;,&quot;b&quot;:76}\">La France, l\u2019Italie, le Portugal ont annonc\u00e9 de leur c\u00f4t\u00e9 leur intention\u00a0de convoquer les ambassadeurs d\u2019Isra\u00ebl ou \u00e0 d\u00e9faut le charg\u00e9 d\u2019affaires. En Am\u00e9rique latine, l\u2019Uruguay a convoqu\u00e9 l\u2019ambassadrice d\u2019Isra\u00ebl en Uruguay, Michal Hershkovitz, pour \u00ab\u2009clarifier les faits\u2009\u00bb, et le Mexique a \u00e9galement annonc\u00e9 son intention de demander \u00e0 l\u2019ambassade d\u2019Isra\u00ebl \u00e0 Mexico des \u00ab\u2009clarifications\u2009\u00bb.<\/p>\n<p data-t=\"{&quot;n&quot;:&quot;blueLinks&quot;,&quot;t&quot;:13,&quot;a&quot;:&quot;click&quot;,&quot;b&quot;:76}\">Le minist\u00e8re mexicain a indiqu\u00e9 sur le r\u00e9seau social X que \u00ab\u2009les faits vont \u00e0 l\u2019encontre de ce que stipule l\u2019article\u00a029 de la Convention de Vienne sur les Relations diplomatiques, qui \u00e9tablit l\u2019inviolabilit\u00e9 des agents diplomatiques\u2009\u00bb, poursuit Mexico, rappelant que tous les Etats membres de la Convention y compris Isra\u00ebl \u00ab\u2009sont oblig\u00e9s de la respecter\u2009\u00bb.<\/p>\n<div class=\"intra-article-module\" data-t=\"{&quot;n&quot;:&quot;intraArticle&quot;,&quot;t&quot;:13}\"><\/div>\n<p data-t=\"{&quot;n&quot;:&quot;blueLinks&quot;,&quot;t&quot;:13,&quot;a&quot;:&quot;click&quot;,&quot;b&quot;:76}\">Mercredi soir, lors d\u2019une conf\u00e9rence de presse, le Premier ministre Benjamin Netanyahu, qui avait ni\u00e9 quelques jours auparavant s\u2019\u00eatre engag\u00e9 pour un cessez-le-feu et la lib\u00e9ration de prisonniers palestiniens, s\u2019est dit pr\u00eat \u00e0 accepter un \u00ab\u2009cessez-le-feu temporaire\u2009\u00bb permettant de lib\u00e9rer des otages, affirmant que 20 des 58\u00a0otages (dont un soldat tu\u00e9 en 2014) toujours \u00e0 Gaza sont \u00ab\u2009en vie de fa\u00e7on certaine\u2009\u00bb.<\/p>\n<p data-t=\"{&quot;n&quot;:&quot;blueLinks&quot;,&quot;t&quot;:13,&quot;a&quot;:&quot;click&quot;,&quot;b&quot;:76}\">Depuis le d\u00e9but de la guerre men\u00e9e contre la bande de Gaza, le bilan des morts continue de grimper face \u00e0 la famine qui touche les rescap\u00e9s palestiniens. Selon les derniers chiffres, les bombardements et tirs isra\u00e9liens ont fait au moins 53\u2009655\u00a0morts \u00e0 Gaza.<\/p>\n<p data-t=\"{&quot;n&quot;:&quot;blueLinks&quot;,&quot;t&quot;:13,&quot;a&quot;:&quot;click&quot;,&quot;b&quot;:76}\">The post\u00a0<a href=\"https:\/\/fr.hespress.com\/425331-tirs-contre-des-diplomates-en-cisjordanie-les-condamnations-senchainent-contre-israel.html\" target=\"_blank\" rel=\"noopener\" data-t=\"{&quot;n&quot;:&quot;destination&quot;,&quot;t&quot;:13,&quot;a&quot;:&quot;click&quot;,&quot;b&quot;:1,&quot;c.t&quot;:7}\">Tirs contre des diplomates en Cisjordanie: Les condamnations s&#8217;enchainent contre Isra\u00ebl<\/a>\u00a0appeared first on\u00a0<a href=\"https:\/\/fr.hespress.com\/\" target=\"_blank\" rel=\"noopener\" data-t=\"{&quot;n&quot;:&quot;destination&quot;,&quot;t&quot;:13,&quot;a&quot;:&quot;click&quot;,&quot;b&quot;:1,&quot;c.t&quot;:7}\">Hespress Fran\u00e7ais &#8211; Actualit\u00e9s du Maroc<\/a>.<\/p>\n","protected":false},"excerpt":{"rendered":"<p>Les condamnations internationales pleuvent apr\u00e8s des tirs de l\u2019arm\u00e9e isra\u00e9lienne visant des ambassadeurs de plusieurs pays, \u00e0 J\u00e9nine, en Cisjordanie occup\u00e9e. Parmi les diplomates pr\u00e9sents dans la d\u00e9l\u00e9gation se trouvait l\u2019ambassadeur du Maroc, ainsi que plusieurs ambassadeurs des pays de l\u2019Union europ\u00e9enne. Au moment o\u00f9 les images de l\u2019offensive isra\u00e9lienne sur Gaza continuent de glacer &hellip;<\/p>\n","protected":false},"author":2,"featured_media":15917,"comment_status":"open","ping_status":"open","sticky":false,"template":"","format":"standard","meta":{"footnotes":""},"categories":[18,29],"tags":[],"class_list":["post-15916","post","type-post","status-publish","format-standard","has-post-thumbnail","hentry","category-actualites","category-monde"],"_links":{"self":[{"href":"https:\/\/ladepeche.mr\/index.php?rest_route=\/wp\/v2\/posts\/15916","targetHints":{"allow":["GET"]}}],"collection":[{"href":"https:\/\/ladepeche.mr\/index.php?rest_route=\/wp\/v2\/posts"}],"about":[{"href":"https:\/\/ladepeche.mr\/index.php?rest_route=\/wp\/v2\/types\/post"}],"author":[{"embeddable":true,"href":"https:\/\/ladepeche.mr\/index.php?rest_route=\/wp\/v2\/users\/2"}],"replies":[{"embeddable":true,"href":"https:\/\/ladepeche.mr\/index.php?rest_route=%2Fwp%2Fv2%2Fcomments&post=15916"}],"version-history":[{"count":1,"href":"https:\/\/ladepeche.mr\/index.php?rest_route=\/wp\/v2\/posts\/15916\/revisions"}],"predecessor-version":[{"id":15918,"href":"https:\/\/ladepeche.mr\/index.php?rest_route=\/wp\/v2\/posts\/15916\/revisions\/15918"}],"wp:featuredmedia":[{"embeddable":true,"href":"https:\/\/ladepeche.mr\/index.php?rest_route=\/wp\/v2\/media\/15917"}],"wp:attachment":[{"href":"https:\/\/ladepeche.mr\/index.php?rest_route=%2Fwp%2Fv2%2Fmedia&parent=15916"}],"wp:term":[{"taxonomy":"category","embeddable":true,"href":"https:\/\/ladepeche.mr\/index.php?rest_route=%2Fwp%2Fv2%2Fcategories&post=15916"},{"taxonomy":"post_tag","embeddable":true,"href":"https:\/\/ladepeche.mr\/index.php?rest_route=%2Fwp%2Fv2%2Ftags&post=15916"}],"curies":[{"name":"wp","href":"https:\/\/api.w.org\/{rel}","templated":true}]}}