{"id":15920,"date":"2025-05-22T11:00:30","date_gmt":"2025-05-22T11:00:30","guid":{"rendered":"https:\/\/ladepeche.mr\/?p=15920"},"modified":"2025-05-22T10:19:44","modified_gmt":"2025-05-22T10:19:44","slug":"israel-intercepte-deux-missiles-du-yemen-revendiques-par-les-houthis","status":"publish","type":"post","link":"https:\/\/ladepeche.mr\/?p=15920","title":{"rendered":"Isra\u00ebl intercepte deux missiles du Y\u00e9men, revendiqu\u00e9s par les Houthis"},"content":{"rendered":"<p>L&#8217;arm\u00e9e isra\u00e9lienne a annonc\u00e9 jeudi avoir intercept\u00e9 un missile tir\u00e9 depuis le Y\u00e9men, apr\u00e8s une pr\u00e9c\u00e9dente interception dans la nuit, des tirs revendiqu\u00e9s par les rebelles Houthis.<\/p>\n<p>\u00abSuite aux sir\u00e8nes qui ont retenti il y a peu dans plusieurs r\u00e9gions en Isra\u00ebl, un missile lanc\u00e9 depuis le Y\u00e9men a \u00e9t\u00e9 intercept\u00e9\u00bb, a indiqu\u00e9 l&#8217;arm\u00e9e dans un communiqu\u00e9, des tirs revendiqu\u00e9s par les Houthis.<\/p>\n<p>Les sir\u00e8nes d&#8217;alerte anti-a\u00e9rienne ont retenti dans le centre d&#8217;Isra\u00ebl dans la nuit puis dans la r\u00e9gion de J\u00e9rusalem jeudi matin.<\/p>\n<p>Les Houthis, qui contr\u00f4lent de larges pan du Y\u00e9men, ont affirm\u00e9 avoir tir\u00e9 &#8220;un missile balistique&#8221; en direction de l&#8217;a\u00e9roport international Ben Gourion.<\/p>\n<p>Leur porte-parole militaire, Yahya Saree, a \u00e9galement fait \u00e9tat de deux attaques de drones visant &#8220;des cibles strat\u00e9giques&#8221; dans les r\u00e9gions de Jaffa, pr\u00e8s de Tel-Aviv, et Ha\u00effa, dans le nord d&#8217;Isra\u00ebl.<\/p>\n<p>Les insurg\u00e9s y\u00e9m\u00e9nites, soutenus par l&#8217;Iran, ont men\u00e9 des dizaines d&#8217;attaques aux missiles et drones contre Isra\u00ebl depuis le d\u00e9but de la guerre \u00e0 Gaza, affirmant agir en solidarit\u00e9 avec les Palestiniens.<\/p>\n<p>Ils ont aussi cibl\u00e9 des navires qu&#8217;ils estiment li\u00e9s \u00e0 Isra\u00ebl au large du Y\u00e9men.<\/p>\n<p>Le 4 mai, un missile houthi avait, pour la premi\u00e8re fois, touch\u00e9 le p\u00e9rim\u00e8tre de l&#8217;a\u00e9roport international Ben Gourion pr\u00e8s de Tel-Aviv, une attaque qui avait conduit la plupart des compagnies \u00e9trang\u00e8res desservant Tel-Aviv \u00e0 suspendre leurs vols.<\/p>\n<p>En repr\u00e9sailles aux attaques, l&#8217;arm\u00e9e isra\u00e9lienne a men\u00e9 plusieurs frappes ces derniers mois contre des cibles houthies au Y\u00e9men.<\/p>\n<p>&nbsp;<\/p>\n<p>Icibeyrouth avec AFP<\/p>\n","protected":false},"excerpt":{"rendered":"<p>L&#8217;arm\u00e9e isra\u00e9lienne a annonc\u00e9 jeudi avoir intercept\u00e9 un missile tir\u00e9 depuis le Y\u00e9men, apr\u00e8s une pr\u00e9c\u00e9dente interception dans la nuit, des tirs revendiqu\u00e9s par les rebelles Houthis. \u00abSuite aux sir\u00e8nes qui ont retenti il y a peu dans plusieurs r\u00e9gions en Isra\u00ebl, un missile lanc\u00e9 depuis le Y\u00e9men a \u00e9t\u00e9 intercept\u00e9\u00bb, a indiqu\u00e9 l&#8217;arm\u00e9e dans &hellip;<\/p>\n","protected":false},"author":2,"featured_media":15921,"comment_status":"open","ping_status":"open","sticky":false,"template":"","format":"standard","meta":{"footnotes":""},"categories":[18,29],"tags":[],"class_list":["post-15920","post","type-post","status-publish","format-standard","has-post-thumbnail","hentry","category-actualites","category-monde"],"_links":{"self":[{"href":"https:\/\/ladepeche.mr\/index.php?rest_route=\/wp\/v2\/posts\/15920","targetHints":{"allow":["GET"]}}],"collection":[{"href":"https:\/\/ladepeche.mr\/index.php?rest_route=\/wp\/v2\/posts"}],"about":[{"href":"https:\/\/ladepeche.mr\/index.php?rest_route=\/wp\/v2\/types\/post"}],"author":[{"embeddable":true,"href":"https:\/\/ladepeche.mr\/index.php?rest_route=\/wp\/v2\/users\/2"}],"replies":[{"embeddable":true,"href":"https:\/\/ladepeche.mr\/index.php?rest_route=%2Fwp%2Fv2%2Fcomments&post=15920"}],"version-history":[{"count":1,"href":"https:\/\/ladepeche.mr\/index.php?rest_route=\/wp\/v2\/posts\/15920\/revisions"}],"predecessor-version":[{"id":15922,"href":"https:\/\/ladepeche.mr\/index.php?rest_route=\/wp\/v2\/posts\/15920\/revisions\/15922"}],"wp:featuredmedia":[{"embeddable":true,"href":"https:\/\/ladepeche.mr\/index.php?rest_route=\/wp\/v2\/media\/15921"}],"wp:attachment":[{"href":"https:\/\/ladepeche.mr\/index.php?rest_route=%2Fwp%2Fv2%2Fmedia&parent=15920"}],"wp:term":[{"taxonomy":"category","embeddable":true,"href":"https:\/\/ladepeche.mr\/index.php?rest_route=%2Fwp%2Fv2%2Fcategories&post=15920"},{"taxonomy":"post_tag","embeddable":true,"href":"https:\/\/ladepeche.mr\/index.php?rest_route=%2Fwp%2Fv2%2Ftags&post=15920"}],"curies":[{"name":"wp","href":"https:\/\/api.w.org\/{rel}","templated":true}]}}