{"id":15934,"date":"2025-05-22T11:30:11","date_gmt":"2025-05-22T11:30:11","guid":{"rendered":"https:\/\/ladepeche.mr\/?p=15934"},"modified":"2025-05-22T11:19:11","modified_gmt":"2025-05-22T11:19:11","slug":"le-president-de-la-republique-se-rend-a-la-station-flottante-de-production-de-gaz-du-projet-ahmeyem","status":"publish","type":"post","link":"https:\/\/ladepeche.mr\/?p=15934","title":{"rendered":"Le Pr\u00e9sident de la R\u00e9publique se rend \u00e0 la station flottante de production de gaz du projet \u2018\u2019Ahmeyem\u2019\u2019"},"content":{"rendered":"<p>Son Excellence le Pr\u00e9sident de la R\u00e9publique, Monsieur Mohamed Ould Cheikh El Ghazouani, a quitt\u00e9 Nouakchott, jeudi matin, \u00e0 destination de la station flottante de production de gaz du projet du champs Ahmeyem Gand Tortue, au large des c\u00f4tes mauritano \u2013 s\u00e9n\u00e9galaises<\/p>\n<p>A son d\u00e9part de l\u2019a\u00e9roport international de Nouakchott, Son Excellence Monsieur le Pr\u00e9sident de la R\u00e9publique a \u00e9t\u00e9 salu\u00e9 par le Premier ministre, Monsieur Moctar Ould Djay, le ministre secr\u00e9taire g\u00e9n\u00e9ral de la Pr\u00e9sidence de la R\u00e9publique, M. Moulay Ould Mohamed Laghdaf, le ministre conseiller \u00e0 la Pr\u00e9sidence de la R\u00e9publique, M. Mohamed Ould Abdallahi Ould Outhmane, le ministre de la Justice, M. Mohamed Mahmoud Ould Cheikh Abdoullah Ben Boya, le ministre de la D\u00e9fense, des Retrait\u00e9s et des Enfants de Martyrs, M. Hannena Ould Sidi, le ministre de l\u2019Int\u00e9rieur, de la D\u00e9centralisation et du D\u00e9veloppement local, M. Mohamed Ahmed Ould Mohamed Lemine, le Chef d\u2019Etat-Major particulier du Pr\u00e9sident de la R\u00e9publique, le g\u00e9n\u00e9ral de division, Brahim Vall Cheibani Cheikh Ahmed, la directrice adjointe de cabinet du Pr\u00e9sident de la R\u00e9publique, Mme Gandega Fatimata, le wali de Nouakchott ouest, M. M\u2019Rabih Rabbou Ould Bounenna Ould Abidine, et la vice-pr\u00e9sidente de la r\u00e9gion de Nouakchott, Mme Hawa Sidib\u00e9.<\/p>\n<p>Son Excellence le Pr\u00e9sident de la R\u00e9publique est accompagn\u00e9 par une importante d\u00e9l\u00e9gation comprenant :<\/p>\n<p>\u2013 M. Nani Ould Chrougha, ministre charg\u00e9 de cabinet du Pr\u00e9sident de la R\u00e9publique,<\/p>\n<p>\u2013 M. Mohamed Ould Khaled, ministre de l\u2019\u00c9nergie et du P\u00e9trole,<\/p>\n<p>\u2013 M. Ismail Ould Abdelvettah, directeur g\u00e9n\u00e9ral de la Soci\u00e9t\u00e9 Nationale des Hydrocarbures,<\/p>\n<p>\u2013 M. El Hassan Ould Ahmed, directeur g\u00e9n\u00e9ral du Protocole d\u2019Etat.<\/p>\n<p>Ami<\/p>\n","protected":false},"excerpt":{"rendered":"<p>Son Excellence le Pr\u00e9sident de la R\u00e9publique, Monsieur Mohamed Ould Cheikh El Ghazouani, a quitt\u00e9 Nouakchott, jeudi matin, \u00e0 destination de la station flottante de production de gaz du projet du champs Ahmeyem Gand Tortue, au large des c\u00f4tes mauritano \u2013 s\u00e9n\u00e9galaises A son d\u00e9part de l\u2019a\u00e9roport international de Nouakchott, Son Excellence Monsieur le Pr\u00e9sident &hellip;<\/p>\n","protected":false},"author":2,"featured_media":15937,"comment_status":"open","ping_status":"open","sticky":false,"template":"","format":"standard","meta":{"footnotes":""},"categories":[18,2],"tags":[],"class_list":["post-15934","post","type-post","status-publish","format-standard","has-post-thumbnail","hentry","category-actualites","category-economie"],"_links":{"self":[{"href":"https:\/\/ladepeche.mr\/index.php?rest_route=\/wp\/v2\/posts\/15934","targetHints":{"allow":["GET"]}}],"collection":[{"href":"https:\/\/ladepeche.mr\/index.php?rest_route=\/wp\/v2\/posts"}],"about":[{"href":"https:\/\/ladepeche.mr\/index.php?rest_route=\/wp\/v2\/types\/post"}],"author":[{"embeddable":true,"href":"https:\/\/ladepeche.mr\/index.php?rest_route=\/wp\/v2\/users\/2"}],"replies":[{"embeddable":true,"href":"https:\/\/ladepeche.mr\/index.php?rest_route=%2Fwp%2Fv2%2Fcomments&post=15934"}],"version-history":[{"count":1,"href":"https:\/\/ladepeche.mr\/index.php?rest_route=\/wp\/v2\/posts\/15934\/revisions"}],"predecessor-version":[{"id":15936,"href":"https:\/\/ladepeche.mr\/index.php?rest_route=\/wp\/v2\/posts\/15934\/revisions\/15936"}],"wp:featuredmedia":[{"embeddable":true,"href":"https:\/\/ladepeche.mr\/index.php?rest_route=\/wp\/v2\/media\/15937"}],"wp:attachment":[{"href":"https:\/\/ladepeche.mr\/index.php?rest_route=%2Fwp%2Fv2%2Fmedia&parent=15934"}],"wp:term":[{"taxonomy":"category","embeddable":true,"href":"https:\/\/ladepeche.mr\/index.php?rest_route=%2Fwp%2Fv2%2Fcategories&post=15934"},{"taxonomy":"post_tag","embeddable":true,"href":"https:\/\/ladepeche.mr\/index.php?rest_route=%2Fwp%2Fv2%2Ftags&post=15934"}],"curies":[{"name":"wp","href":"https:\/\/api.w.org\/{rel}","templated":true}]}}