{"id":15944,"date":"2025-05-22T14:44:20","date_gmt":"2025-05-22T14:44:20","guid":{"rendered":"https:\/\/ladepeche.mr\/?p=15944"},"modified":"2025-05-22T14:44:20","modified_gmt":"2025-05-22T14:44:20","slug":"mauritanie-bid-entretien-autour-dun-financement-de-700-millions-de-dollars-us-pour-promouvoir-le-secteur-prive","status":"publish","type":"post","link":"https:\/\/ladepeche.mr\/?p=15944","title":{"rendered":"Mauritanie-BID: Entretien autour d\u2019un financement de 700 millions de dollars US pour promouvoir le secteur priv\u00e9"},"content":{"rendered":"<p class=\"p1\">Le ministre de l\u2019\u00e9conomie et des finances, Sid\u2019Ahmed Ould Bouh, et le gouverneur de la BCM, Dr Mohamed Lemine Dhehbi, ont \u00e9chang\u00e9, mercredi \u00e0 Alger, avec le PDG de la Soci\u00e9t\u00e9 islamique d\u2019Assurance des\u00a0 Cr\u00e9dits \u00e0 l\u2019Exportation (SIACE), Dr. Khaled Khalafallah, et avec le directeur g\u00e9n\u00e9ral par int\u00e9rim de la Soci\u00e9t\u00e9 islamique pour le d\u00e9veloppement du secteur priv\u00e9 (ICD).<\/p>\n<p class=\"p1\"><span class=\"s1\">Les pourparlers qui ont eu lieu en marge des assembl\u00e9es annuelles du Groupe de la Banque islamique de d\u00e9veloppement, qui se tiennent \u00e0 Alger, ont abord\u00e9 l\u2019engagement du Groupe de la BID dans l\u2019aide au d\u00e9veloppement, conform\u00e9ment au cadre de coop\u00e9ration pays 2024-2026 pour le soutien au secteur priv\u00e9 dans le pays. Un programme de financement d\u2019environ 700 millions de dollars US pour promouvoir le secteur priv\u00e9 \u00e0 travers des lignes de financement, des cr\u00e9dits et des m\u00e9canismes d\u2019assurance des investissements et des exportations existerait entre la Mauritanie et l\u2019ICD. Les deux institutions relevant de la BID financent plusieurs projets \u00e9conomiques en Mauritanie notamment les secteurs des infrastructures et de l\u2019agriculture sont elles contribueraient \u00e0 renforcer les exportations et donc la croissance \u00e9conomique du pays.<\/span><\/p>\n<p class=\"p1\"><span class=\"s1\">La SIACE et l\u2019ICD forment, rappelle-t-on, les bras op\u00e9rationnels du Groupe de la BID d\u00e9di\u00e9s au soutien du secteur priv\u00e9 dans les zones d\u2019intervention de la Banque.<\/span><\/p>\n<p class=\"p1\"><span class=\"s1\">(avec note MEF)<\/span><\/p>\n","protected":false},"excerpt":{"rendered":"<p>Le ministre de l\u2019\u00e9conomie et des finances, Sid\u2019Ahmed Ould Bouh, et le gouverneur de la BCM, Dr Mohamed Lemine Dhehbi, ont \u00e9chang\u00e9, mercredi \u00e0 Alger, avec le PDG de la Soci\u00e9t\u00e9 islamique d\u2019Assurance des\u00a0 Cr\u00e9dits \u00e0 l\u2019Exportation (SIACE), Dr. Khaled Khalafallah, et avec le directeur g\u00e9n\u00e9ral par int\u00e9rim de la Soci\u00e9t\u00e9 islamique pour le d\u00e9veloppement &hellip;<\/p>\n","protected":false},"author":2,"featured_media":15945,"comment_status":"open","ping_status":"open","sticky":false,"template":"","format":"standard","meta":{"footnotes":""},"categories":[18,2],"tags":[],"class_list":["post-15944","post","type-post","status-publish","format-standard","has-post-thumbnail","hentry","category-actualites","category-economie"],"_links":{"self":[{"href":"https:\/\/ladepeche.mr\/index.php?rest_route=\/wp\/v2\/posts\/15944","targetHints":{"allow":["GET"]}}],"collection":[{"href":"https:\/\/ladepeche.mr\/index.php?rest_route=\/wp\/v2\/posts"}],"about":[{"href":"https:\/\/ladepeche.mr\/index.php?rest_route=\/wp\/v2\/types\/post"}],"author":[{"embeddable":true,"href":"https:\/\/ladepeche.mr\/index.php?rest_route=\/wp\/v2\/users\/2"}],"replies":[{"embeddable":true,"href":"https:\/\/ladepeche.mr\/index.php?rest_route=%2Fwp%2Fv2%2Fcomments&post=15944"}],"version-history":[{"count":1,"href":"https:\/\/ladepeche.mr\/index.php?rest_route=\/wp\/v2\/posts\/15944\/revisions"}],"predecessor-version":[{"id":15946,"href":"https:\/\/ladepeche.mr\/index.php?rest_route=\/wp\/v2\/posts\/15944\/revisions\/15946"}],"wp:featuredmedia":[{"embeddable":true,"href":"https:\/\/ladepeche.mr\/index.php?rest_route=\/wp\/v2\/media\/15945"}],"wp:attachment":[{"href":"https:\/\/ladepeche.mr\/index.php?rest_route=%2Fwp%2Fv2%2Fmedia&parent=15944"}],"wp:term":[{"taxonomy":"category","embeddable":true,"href":"https:\/\/ladepeche.mr\/index.php?rest_route=%2Fwp%2Fv2%2Fcategories&post=15944"},{"taxonomy":"post_tag","embeddable":true,"href":"https:\/\/ladepeche.mr\/index.php?rest_route=%2Fwp%2Fv2%2Ftags&post=15944"}],"curies":[{"name":"wp","href":"https:\/\/api.w.org\/{rel}","templated":true}]}}