{"id":15964,"date":"2025-05-23T11:16:03","date_gmt":"2025-05-23T11:16:03","guid":{"rendered":"https:\/\/ladepeche.mr\/?p=15964"},"modified":"2025-05-23T11:16:03","modified_gmt":"2025-05-23T11:16:03","slug":"sahara-slovaquie-nouveau-soutien-europeen-a-linitiative-marocaine-dautonomie","status":"publish","type":"post","link":"https:\/\/ladepeche.mr\/?p=15964","title":{"rendered":"Sahara-Slovaquie- Nouveau soutien Europ\u00e9en \u00e0 l\u2019initiative marocaine d\u2019Autonomie"},"content":{"rendered":"<p>Dans le cadre de la dynamique internationale cr\u00e9\u00e9e sous l\u2019impulsion de Sa Majest\u00e9 le Roi Mohammed VI, en soutien \u00e0 la souverainet\u00e9 du Maroc sur son Sahara et en appui au Plan marocain d&#8217;autonomie, &#8220;la Slovaquie reconna\u00eet l&#8217;initiative marocaine, pr\u00e9sent\u00e9e au Secr\u00e9taire G\u00e9n\u00e9ral des Nations Unies, le 11 avril 2007, comme base pour une solution d\u00e9finitive, sous l\u2019\u00e9gide des Nations Unies&#8221;, de la question du Sahara marocain.<\/p>\n<p>Cette position a \u00e9t\u00e9 formalis\u00e9e par la R\u00e9publique slovaque dans la D\u00e9claration Conjointe sign\u00e9e \u00e0 l\u2019issue d&#8217;une rencontre, jeudi \u00e0 Rabat, entre le ministre des Affaires \u00e9trang\u00e8res, de la Coop\u00e9ration africaine et des Marocains r\u00e9sidant \u00e0 l\u2019\u00e9tranger, Nasser Bourita, et son homologue slovaque, Juraj Blan\u00e1r, ministre des Affaires \u00e9trang\u00e8res et europ\u00e9ennes.<\/p>\n<p>La Slovaquie a salu\u00e9 \u2018\u2019 les efforts s\u00e9rieux et cr\u00e9dibles du Maroc pour faire avancer le processus politique vers une r\u00e9solution, et soutient une solution politique juste, durable et mutuellement acceptable, fond\u00e9e sur le compromis, en conformit\u00e9 avec les principes et buts de la Charte des Nations Unies, dans le cadre des r\u00e9solutions pertinentes du Conseil de s\u00e9curit\u00e9, y compris la r\u00e9solution S\/RES\/2756 du 31 octobre 2024&#8243;, lit-on dans la D\u00e9claration Conjointe.<\/p>\n<p>Par sa nouvelle position renforc\u00e9e, la R\u00e9publique slovaque conforte le momentum croissant en faveur de la marocanit\u00e9 du Sahara et de l\u2019Initiative d\u2019autonomie, salu\u00e9e par la communaut\u00e9 internationale.<\/p>\n<p>(MAP)<\/p>\n","protected":false},"excerpt":{"rendered":"<p>Dans le cadre de la dynamique internationale cr\u00e9\u00e9e sous l\u2019impulsion de Sa Majest\u00e9 le Roi Mohammed VI, en soutien \u00e0 la souverainet\u00e9 du Maroc sur son Sahara et en appui au Plan marocain d&#8217;autonomie, &#8220;la Slovaquie reconna\u00eet l&#8217;initiative marocaine, pr\u00e9sent\u00e9e au Secr\u00e9taire G\u00e9n\u00e9ral des Nations Unies, le 11 avril 2007, comme base pour une solution &hellip;<\/p>\n","protected":false},"author":2,"featured_media":15965,"comment_status":"open","ping_status":"open","sticky":false,"template":"","format":"standard","meta":{"footnotes":""},"categories":[18,29],"tags":[],"class_list":["post-15964","post","type-post","status-publish","format-standard","has-post-thumbnail","hentry","category-actualites","category-monde"],"_links":{"self":[{"href":"https:\/\/ladepeche.mr\/index.php?rest_route=\/wp\/v2\/posts\/15964","targetHints":{"allow":["GET"]}}],"collection":[{"href":"https:\/\/ladepeche.mr\/index.php?rest_route=\/wp\/v2\/posts"}],"about":[{"href":"https:\/\/ladepeche.mr\/index.php?rest_route=\/wp\/v2\/types\/post"}],"author":[{"embeddable":true,"href":"https:\/\/ladepeche.mr\/index.php?rest_route=\/wp\/v2\/users\/2"}],"replies":[{"embeddable":true,"href":"https:\/\/ladepeche.mr\/index.php?rest_route=%2Fwp%2Fv2%2Fcomments&post=15964"}],"version-history":[{"count":1,"href":"https:\/\/ladepeche.mr\/index.php?rest_route=\/wp\/v2\/posts\/15964\/revisions"}],"predecessor-version":[{"id":15966,"href":"https:\/\/ladepeche.mr\/index.php?rest_route=\/wp\/v2\/posts\/15964\/revisions\/15966"}],"wp:featuredmedia":[{"embeddable":true,"href":"https:\/\/ladepeche.mr\/index.php?rest_route=\/wp\/v2\/media\/15965"}],"wp:attachment":[{"href":"https:\/\/ladepeche.mr\/index.php?rest_route=%2Fwp%2Fv2%2Fmedia&parent=15964"}],"wp:term":[{"taxonomy":"category","embeddable":true,"href":"https:\/\/ladepeche.mr\/index.php?rest_route=%2Fwp%2Fv2%2Fcategories&post=15964"},{"taxonomy":"post_tag","embeddable":true,"href":"https:\/\/ladepeche.mr\/index.php?rest_route=%2Fwp%2Fv2%2Ftags&post=15964"}],"curies":[{"name":"wp","href":"https:\/\/api.w.org\/{rel}","templated":true}]}}