{"id":15972,"date":"2025-05-23T20:44:07","date_gmt":"2025-05-23T20:44:07","guid":{"rendered":"https:\/\/ladepeche.mr\/?p=15972"},"modified":"2025-05-23T20:44:07","modified_gmt":"2025-05-23T20:44:07","slug":"france-barrot-rejette-les-accusations-israeliennes-dencourager-lantisemitisme","status":"publish","type":"post","link":"https:\/\/ladepeche.mr\/?p=15972","title":{"rendered":"France : Barrot rejette les accusations isra\u00e9liennes &#8220;d\u2019encourager l\u2019antis\u00e9mitisme&#8221;"},"content":{"rendered":"<p class=\"selectionShareable\">Le ministre fran\u00e7ais de l\u2019Europe et des Affaires \u00e9trang\u00e8res, Jean-Noa\u00ebl Barrot a r\u00e9it\u00e9r\u00e9, jeudi, son rejet des accusations isra\u00e9liennes concernant l\u2019encouragement de \u00ab l\u2019antis\u00e9mitisme ou le Hamas \u00bb, rappelant la position de la France en faveur de la \u00abs\u00e9curit\u00e9 d\u2019Isra\u00ebl \u00bb.<\/p>\n<p class=\"selectionShareable\">Barrot s\u2019exprimait sur son compte \u00ab X \u00bb, jeudi dans la soir\u00e9e.<\/p>\n<p class=\"selectionShareable\">\u00ab La France est ind\u00e9fectiblement attach\u00e9e \u00e0 la s\u00e9curit\u00e9 d\u2019Isra\u00ebl et en a d\u00e9j\u00e0 fait la preuve par les actes \u00bb, a-t-il affirm\u00e9.<\/p>\n<p class=\"selectionShareable\">\u00ab La France est r\u00e9solue \u00e0 combattre l\u2019antis\u00e9mitisme partout o\u00f9 ce fl\u00e9au s\u00e9vit \u00bb, a-t-il ajout\u00e9, rappelant sa d\u00e9termination \u00e0 ce que le Hamas \u00ab soit d\u00e9sarm\u00e9 et d\u00e9finitivement exclu de l\u2019avenir politique \u00e0 Gaza \u00bb.<\/p>\n<p class=\"selectionShareable\">\u00ab Accuser d\u2019encourager l\u2019antis\u00e9mitisme ou le Hamas quiconque d\u00e9fend la solution \u00e0 deux Etats est absurde et calomnieux \u00bb, a-t-il conclu.<\/p>\n<p class=\"selectionShareable\">Plus t\u00f4t dans la journ\u00e9e de jeudi, le porte-parole du Quai d&#8217;Orsay avait rejet\u00e9 les accusations &#8220;d&#8217;incitation \u00e0 la haine&#8221; exprim\u00e9es par le ministre isra\u00e9lien des Affaires \u00e9trang\u00e8res Gid\u00e9on Saar \u00e0 l&#8217;endroit de pays europ\u00e9ens, dont la France.<\/p>\n<p class=\"selectionShareable\">\u00ab Propos parfaitement outranciers et parfaitement injustifi\u00e9s \u00bb, avait d\u00e9clar\u00e9 Christophe Lemoine lors d&#8217;un point de presse.<\/p>\n<p class=\"selectionShareable\">\u00ab La France a condamn\u00e9, la France condamne et la France continuera \u00e0 condamner toujours et sans ambigu\u00eft\u00e9 tout acte antis\u00e9mite \u00bb, a-t-il insist\u00e9.<br \/>\naa.com.tr<\/p>\n","protected":false},"excerpt":{"rendered":"<p>Le ministre fran\u00e7ais de l\u2019Europe et des Affaires \u00e9trang\u00e8res, Jean-Noa\u00ebl Barrot a r\u00e9it\u00e9r\u00e9, jeudi, son rejet des accusations isra\u00e9liennes concernant l\u2019encouragement de \u00ab l\u2019antis\u00e9mitisme ou le Hamas \u00bb, rappelant la position de la France en faveur de la \u00abs\u00e9curit\u00e9 d\u2019Isra\u00ebl \u00bb. Barrot s\u2019exprimait sur son compte \u00ab X \u00bb, jeudi dans la soir\u00e9e. \u00ab La &hellip;<\/p>\n","protected":false},"author":2,"featured_media":15973,"comment_status":"open","ping_status":"open","sticky":false,"template":"","format":"standard","meta":{"footnotes":""},"categories":[18,29],"tags":[],"class_list":["post-15972","post","type-post","status-publish","format-standard","has-post-thumbnail","hentry","category-actualites","category-monde"],"_links":{"self":[{"href":"https:\/\/ladepeche.mr\/index.php?rest_route=\/wp\/v2\/posts\/15972","targetHints":{"allow":["GET"]}}],"collection":[{"href":"https:\/\/ladepeche.mr\/index.php?rest_route=\/wp\/v2\/posts"}],"about":[{"href":"https:\/\/ladepeche.mr\/index.php?rest_route=\/wp\/v2\/types\/post"}],"author":[{"embeddable":true,"href":"https:\/\/ladepeche.mr\/index.php?rest_route=\/wp\/v2\/users\/2"}],"replies":[{"embeddable":true,"href":"https:\/\/ladepeche.mr\/index.php?rest_route=%2Fwp%2Fv2%2Fcomments&post=15972"}],"version-history":[{"count":1,"href":"https:\/\/ladepeche.mr\/index.php?rest_route=\/wp\/v2\/posts\/15972\/revisions"}],"predecessor-version":[{"id":15974,"href":"https:\/\/ladepeche.mr\/index.php?rest_route=\/wp\/v2\/posts\/15972\/revisions\/15974"}],"wp:featuredmedia":[{"embeddable":true,"href":"https:\/\/ladepeche.mr\/index.php?rest_route=\/wp\/v2\/media\/15973"}],"wp:attachment":[{"href":"https:\/\/ladepeche.mr\/index.php?rest_route=%2Fwp%2Fv2%2Fmedia&parent=15972"}],"wp:term":[{"taxonomy":"category","embeddable":true,"href":"https:\/\/ladepeche.mr\/index.php?rest_route=%2Fwp%2Fv2%2Fcategories&post=15972"},{"taxonomy":"post_tag","embeddable":true,"href":"https:\/\/ladepeche.mr\/index.php?rest_route=%2Fwp%2Fv2%2Ftags&post=15972"}],"curies":[{"name":"wp","href":"https:\/\/api.w.org\/{rel}","templated":true}]}}