{"id":15977,"date":"2025-05-23T22:00:12","date_gmt":"2025-05-23T22:00:12","guid":{"rendered":"https:\/\/ladepeche.mr\/?p=15977"},"modified":"2025-05-23T20:55:02","modified_gmt":"2025-05-23T20:55:02","slug":"le-ministre-de-leconomie-et-des-finances-expose-la-vision-de-developpement-de-la-mauritanie-devant-les-gouverneurs-de-la-bid","status":"publish","type":"post","link":"https:\/\/ladepeche.mr\/?p=15977","title":{"rendered":"Le ministre de l\u2019\u00c9conomie et des Finances expose la vision de d\u00e9veloppement de la Mauritanie devant les gouverneurs de la BID"},"content":{"rendered":"<p>Prenant part \u00e0 la table ronde des gouverneurs de la Banque islamique de d\u00e9veloppement, tenue hier jeudi \u00e0 Alger sous le th\u00e8me \u00ab Combler les \u00e9carts : multilat\u00e9ralisme, \u00e9volution des \u00e9changes et avenir du financement du d\u00e9veloppement \u00bb, le ministre de l\u2019\u00c9conomie et des Finances, SEM. Sid&#8217; Ahmed Ould Bouh, a pr\u00e9sent\u00e9 la vision strat\u00e9gique de d\u00e9veloppement de la Mauritanie et soumis plusieurs propositions concr\u00e8tes.<\/p>\n<p>Dans son intervention, le ministre a salu\u00e9 la pertinence des interventions de la Banque islamique de d\u00e9veloppement et la coh\u00e9rence de sa nouvelle orientation strat\u00e9gique avec les Objectifs de d\u00e9veloppement durable, estimant que le cadre 2026-2035 constitue une feuille de route ambitieuse pour transformer l\u2019institution en un acteur plus r\u00e9silient et durable.<\/p>\n<p>Il a ensuite d\u00e9clin\u00e9 les axes prioritaires de la strat\u00e9gie nationale de d\u00e9veloppement : diversification de l\u2019\u00e9conomie, inclusion financi\u00e8re accrue, et construction d\u2019infrastructures propices \u00e0 une croissance soutenue, rappelant que le pays, de par sa position g\u00e9ographique et ses richesses naturelles, est id\u00e9alement plac\u00e9 pour jouer un r\u00f4le strat\u00e9gique de pont entre l\u2019Afrique du Nord et de l\u2019Ouest.<\/p>\n<p>Sur le plan op\u00e9rationnel, il a plaid\u00e9 pour un appui imm\u00e9diat au financement de projets d\u2019infrastructures r\u00e9gionales, notamment en mati\u00e8re de connectivit\u00e9 avec les pays voisins. Il a \u00e9galement propos\u00e9 la mise en \u0153uvre d\u2019un programme int\u00e9gr\u00e9 pour le d\u00e9veloppement de la finance islamique, le renforcement des cha\u00eenes de valeur agricoles et halieutiques, et le soutien \u00e0 la transformation num\u00e9rique \u00e0 travers le financement de l\u2019infrastructure digitale et l\u2019autonomisation des jeunes.<\/p>\n<p>Au plan institutionnel, le ministre a appel\u00e9 \u00e0 la cr\u00e9ation d\u2019un m\u00e9canisme de financement d\u00e9di\u00e9 aux pays du Sahel, tenant compte des sp\u00e9cificit\u00e9s climatiques, s\u00e9curitaires et \u00e9conomiques de la r\u00e9gion. Il a aussi recommand\u00e9 la cr\u00e9ation \u00e0 Nouakchott d\u2019un centre r\u00e9gional de finance islamique au service du Sahel et de l\u2019Afrique de l\u2019Ouest, et l\u2019assouplissement des proc\u00e9dures et conditions de financement pour une ex\u00e9cution plus rapide des projets dans les pays \u00e0 faibles revenus.<\/p>\n<p>Au terme de son allocution, il a salu\u00e9 l\u2019initiative de la Banque islamique de d\u00e9veloppement de cr\u00e9er une fen\u00eatre innovante de financement concessionnel destin\u00e9e aux pays les moins avanc\u00e9s, soulignant que ce dispositif permettra de mobiliser des ressources sous forme de subventions et de pr\u00eats \u00e0 taux pr\u00e9f\u00e9rentiels, pour financer des projets \u00e0 fort impact sur le d\u00e9veloppement durable.<\/p>\n<p>La table ronde des gouverneurs constitue l\u2019un des \u00e9v\u00e9nements phares des assembl\u00e9es annuelles du Groupe de la Banque islamique de d\u00e9veloppement, organis\u00e9es cette ann\u00e9e \u00e0 Alger du 19 au 24 mai 2025. Elle vise \u00e0 approfondir le dialogue strat\u00e9gique autour des grands d\u00e9fis mondiaux et \u00e0 renforcer la coop\u00e9ration Sud-Sud.<br \/>\nMEF<\/p>\n","protected":false},"excerpt":{"rendered":"<p>Prenant part \u00e0 la table ronde des gouverneurs de la Banque islamique de d\u00e9veloppement, tenue hier jeudi \u00e0 Alger sous le th\u00e8me \u00ab Combler les \u00e9carts : multilat\u00e9ralisme, \u00e9volution des \u00e9changes et avenir du financement du d\u00e9veloppement \u00bb, le ministre de l\u2019\u00c9conomie et des Finances, SEM. Sid&#8217; Ahmed Ould Bouh, a pr\u00e9sent\u00e9 la vision strat\u00e9gique &hellip;<\/p>\n","protected":false},"author":2,"featured_media":15978,"comment_status":"open","ping_status":"open","sticky":false,"template":"","format":"standard","meta":{"footnotes":""},"categories":[18,2],"tags":[],"class_list":["post-15977","post","type-post","status-publish","format-standard","has-post-thumbnail","hentry","category-actualites","category-economie"],"_links":{"self":[{"href":"https:\/\/ladepeche.mr\/index.php?rest_route=\/wp\/v2\/posts\/15977","targetHints":{"allow":["GET"]}}],"collection":[{"href":"https:\/\/ladepeche.mr\/index.php?rest_route=\/wp\/v2\/posts"}],"about":[{"href":"https:\/\/ladepeche.mr\/index.php?rest_route=\/wp\/v2\/types\/post"}],"author":[{"embeddable":true,"href":"https:\/\/ladepeche.mr\/index.php?rest_route=\/wp\/v2\/users\/2"}],"replies":[{"embeddable":true,"href":"https:\/\/ladepeche.mr\/index.php?rest_route=%2Fwp%2Fv2%2Fcomments&post=15977"}],"version-history":[{"count":1,"href":"https:\/\/ladepeche.mr\/index.php?rest_route=\/wp\/v2\/posts\/15977\/revisions"}],"predecessor-version":[{"id":15979,"href":"https:\/\/ladepeche.mr\/index.php?rest_route=\/wp\/v2\/posts\/15977\/revisions\/15979"}],"wp:featuredmedia":[{"embeddable":true,"href":"https:\/\/ladepeche.mr\/index.php?rest_route=\/wp\/v2\/media\/15978"}],"wp:attachment":[{"href":"https:\/\/ladepeche.mr\/index.php?rest_route=%2Fwp%2Fv2%2Fmedia&parent=15977"}],"wp:term":[{"taxonomy":"category","embeddable":true,"href":"https:\/\/ladepeche.mr\/index.php?rest_route=%2Fwp%2Fv2%2Fcategories&post=15977"},{"taxonomy":"post_tag","embeddable":true,"href":"https:\/\/ladepeche.mr\/index.php?rest_route=%2Fwp%2Fv2%2Ftags&post=15977"}],"curies":[{"name":"wp","href":"https:\/\/api.w.org\/{rel}","templated":true}]}}