{"id":15999,"date":"2025-05-25T09:00:25","date_gmt":"2025-05-25T09:00:25","guid":{"rendered":"https:\/\/ladepeche.mr\/?p=15999"},"modified":"2025-05-25T07:44:43","modified_gmt":"2025-05-25T07:44:43","slug":"banque-aes-un-capital-initial-de-500-milliards-fcfa-a-mobiliser-dici-le-30-septembre","status":"publish","type":"post","link":"https:\/\/ladepeche.mr\/?p=15999","title":{"rendered":"Banque AES : Un capital initial de 500 milliards FCFA \u00e0 mobiliser d&#8217;ici le 30 septembre"},"content":{"rendered":"<p class=\"post-summary\">Les ministres en charge de l\u2019\u00c9conomie et des Finances de l\u2019Alliance des \u00c9tats du Sahel (AES) se sont r\u00e9unis \u00e0 Bamako ce vendredi 23 mai. Cette rencontre minist\u00e9rielle a ent\u00e9rin\u00e9 les travaux des experts en d\u00e9veloppement de l\u2019Alliance. Elle s\u2019est tenue sous la pr\u00e9sidence du Premier ministre du Mali, en pr\u00e9sence de son homologue du Niger, \u00e9galement en charge du portefeuille de l\u2019\u00c9conomie et des Finances.<\/p>\n<p style=\"font-weight: 400;\">La Banque Conf\u00e9d\u00e9rale pour l\u2019Investissement et le D\u00e9veloppement (BCID-AES) prend forme \u00e0 grande vitesse. \u00c0 l\u2019issue de cette r\u00e9union \u00e0 Bamako, il a \u00e9t\u00e9 d\u00e9cid\u00e9 de \u00ab lib\u00e9rer le capital initial de la BCID-AES d\u2019ici au 30 septembre 2025 et avant la convocation de l\u2019Assembl\u00e9e g\u00e9n\u00e9rale constitutive \u00bb. Le reliquat du capital social devra, quant \u00e0 lui, \u00eatre lib\u00e9r\u00e9 au plus tard le 31 d\u00e9cembre 2028.<\/p>\n<p style=\"font-weight: 400;\">La localisation du si\u00e8ge social de la banque, ainsi que d\u2019autres questions strat\u00e9giques, seront soumises \u00e0 l\u2019appr\u00e9ciation des chefs d\u2019\u00c9tat de l\u2019AES. Selon le ministre malien de l\u2019\u00c9conomie et des Finances, Alouss\u00e9ni Sanou, la BCID-AES est bien plus qu\u2019une banque : \u00ab Il s\u2019agit d\u2019une institution au service de la souverainet\u00e9 financi\u00e8re pour le d\u00e9veloppement de l\u2019AES \u00bb. Il a rappel\u00e9 que la BCID est destin\u00e9e au financement de secteurs cl\u00e9s tels que l\u2019\u00e9nergie, les infrastructures, l\u2019agriculture et l\u2019\u00e9ducation. Elle incarne un v\u00e9ritable espoir, port\u00e9 par la solidarit\u00e9 conf\u00e9d\u00e9rale au sein de l\u2019AES.<\/p>\n<p style=\"font-weight: 400;\">\u00ab Avec une population de 78 millions d\u2019habitants, dont 75 % de jeunes, l\u2019AES dispose d\u2019un potentiel \u00e9norme \u00bb, a soulign\u00e9 Dr Aboubakar Nacanabo, ministre burkinab\u00e8 de l\u2019\u00c9conomie et des Finances. D\u2019apr\u00e8s lui, cette banque conf\u00e9d\u00e9rale repr\u00e9sente un levier d\u2019espoir pour impulser le d\u00e9veloppement de l\u2019espace AES.<\/p>\n<p style=\"font-weight: 400;\">A Bamako, les ministres ont valid\u00e9 le projet de texte portant cr\u00e9ation de la Banque Conf\u00e9d\u00e9rale et la Feuille de route y aff\u00e9rente. Il a \u00e9t\u00e9 d\u00e9cid\u00e9 que le texte de cr\u00e9ation soit \u00e9rig\u00e9 en protocole additionnel. Aussi, les experts ont \u00e9t\u00e9 pri\u00e9 d\u2019acc\u00e9l\u00e9rer la finalisation des termes de r\u00e9f\u00e9rences relatifs \u00e0 l&#8217;\u00e9laboration du Plan strat\u00e9gique 2026-2028, des politiques, manuels de proc\u00e9dures et syst\u00e8me Information de la Banque conf\u00e9d\u00e9rale.<\/p>\n<p>AMAP.ml<\/p>\n","protected":false},"excerpt":{"rendered":"<p>Les ministres en charge de l\u2019\u00c9conomie et des Finances de l\u2019Alliance des \u00c9tats du Sahel (AES) se sont r\u00e9unis \u00e0 Bamako ce vendredi 23 mai. Cette rencontre minist\u00e9rielle a ent\u00e9rin\u00e9 les travaux des experts en d\u00e9veloppement de l\u2019Alliance. Elle s\u2019est tenue sous la pr\u00e9sidence du Premier ministre du Mali, en pr\u00e9sence de son homologue du &hellip;<\/p>\n","protected":false},"author":2,"featured_media":15997,"comment_status":"open","ping_status":"open","sticky":false,"template":"","format":"standard","meta":{"footnotes":""},"categories":[1],"tags":[],"class_list":["post-15999","post","type-post","status-publish","format-standard","has-post-thumbnail","hentry","category-uncategorized"],"_links":{"self":[{"href":"https:\/\/ladepeche.mr\/index.php?rest_route=\/wp\/v2\/posts\/15999","targetHints":{"allow":["GET"]}}],"collection":[{"href":"https:\/\/ladepeche.mr\/index.php?rest_route=\/wp\/v2\/posts"}],"about":[{"href":"https:\/\/ladepeche.mr\/index.php?rest_route=\/wp\/v2\/types\/post"}],"author":[{"embeddable":true,"href":"https:\/\/ladepeche.mr\/index.php?rest_route=\/wp\/v2\/users\/2"}],"replies":[{"embeddable":true,"href":"https:\/\/ladepeche.mr\/index.php?rest_route=%2Fwp%2Fv2%2Fcomments&post=15999"}],"version-history":[{"count":1,"href":"https:\/\/ladepeche.mr\/index.php?rest_route=\/wp\/v2\/posts\/15999\/revisions"}],"predecessor-version":[{"id":16000,"href":"https:\/\/ladepeche.mr\/index.php?rest_route=\/wp\/v2\/posts\/15999\/revisions\/16000"}],"wp:featuredmedia":[{"embeddable":true,"href":"https:\/\/ladepeche.mr\/index.php?rest_route=\/wp\/v2\/media\/15997"}],"wp:attachment":[{"href":"https:\/\/ladepeche.mr\/index.php?rest_route=%2Fwp%2Fv2%2Fmedia&parent=15999"}],"wp:term":[{"taxonomy":"category","embeddable":true,"href":"https:\/\/ladepeche.mr\/index.php?rest_route=%2Fwp%2Fv2%2Fcategories&post=15999"},{"taxonomy":"post_tag","embeddable":true,"href":"https:\/\/ladepeche.mr\/index.php?rest_route=%2Fwp%2Fv2%2Ftags&post=15999"}],"curies":[{"name":"wp","href":"https:\/\/api.w.org\/{rel}","templated":true}]}}