{"id":16001,"date":"2025-05-27T10:57:50","date_gmt":"2025-05-27T10:57:50","guid":{"rendered":"https:\/\/ladepeche.mr\/?p=16001"},"modified":"2025-05-27T12:16:43","modified_gmt":"2025-05-27T12:16:43","slug":"election-president-du-groupe-de-la-bad-lheure-de-verite-approche","status":"publish","type":"post","link":"https:\/\/ladepeche.mr\/?p=16001","title":{"rendered":"\u00c9lection du pr\u00e9sident du Groupe de la BAD: l\u2019heure de v\u00e9rit\u00e9 approche!"},"content":{"rendered":"<p class=\"p1\">A Abidjan s\u2019engage aujourd\u2019hui la derni\u00e8re ligne droite pour l\u2019\u00e9lection du futur pr\u00e9sident du Groupe de la Banque Africaine de D\u00e9veloppement.\u00a0 Les Assembl\u00e9es annuelles du Groupe sont \u00e0 pied d\u2019\u0153uvre depuis deux jours pour l&#8217;organisation de ce scrutin tant attendu.<\/p>\n<p class=\"p1\"><span class=\"s1\">Au si\u00e8ge de l&#8217;H\u00f4tel Sofitel Ivoire o\u00f9 se tiennent les assembl\u00e9es g\u00e9n\u00e9rales, c&#8217;est une fourmili\u00e8re o\u00f9 d\u00e9l\u00e9gations de pays et investisseurs actionnaires se bousculent pour se frayer le chemin \u00e0 l&#8217;occasion de la tenue des 60es assembl\u00e9es annuelles du Groupe de la Banque africaine de d\u00e9veloppement (BAD) tenues sous le th\u00e8me : \u00ab Tirer le meilleur parti du capital de l\u2019Afrique pour favoriser son d\u00e9veloppement \u00bb. Pr\u00e8s de six milles participants dont plusieurs Chefs d&#8217;Etat et de gouvernements y sont attendus.<\/span><\/p>\n<p class=\"p1\"><span class=\"s1\">Lundi, c&#8217;est le conseil des gouverneurs qui est entr\u00e9 dans la danse. Il s\u2019agit ici pour le Conseil, qui s\u2019est r\u00e9uni pour examiner des questions strat\u00e9giques qualifi\u00e9es \u00abd\u2019importance majeure pour l\u2019avenir du continent\u00bb, comme l\u2019\u00e9lection du futur pr\u00e9sident du Groupe de la BAD, de veiller au succ\u00e8s et \u00e0 la transparence de son \u00e9lection.\u00a0<\/span><\/p>\n<p class=\"p1\"><span class=\"s1\">Malgr\u00e9 cette ambiance focalis\u00e9e sur l\u2019organisation des conditions du scrutin, les candidats eux m\u00e8nent toujours campagne pour arracher des soutiens de derni\u00e8re minute.<\/span><\/p>\n<p class=\"p1\"><span class=\"s1\">L\u2019heure de v\u00e9rit\u00e9 n\u2019interviendra pourtant que le 29 mai prochain \u00e0 l\u2019issue de plusieurs tours pr\u00e9vus pour d\u00e9partager les 5 pr\u00e9tendants \u00e0 la succession de Dr Akinwumi Adesina. Notre compatriote, l\u2019ancien ministre des AED et ex-DG de la BADEA, Sidi Ould Tah, y fait figure de pr\u00e9tendant s\u00e9rieux pour ce poste convoit\u00e9. Il<\/span><span class=\"s1\"> est donn\u00e9 &#8220;super favori&#8221;\u00a0 par les analystes et autres commentaires des plateaux des t\u00e9l\u00e9visions de la place pour qui il serait le candidat id\u00e9al. Certains d\u2019entre eux jugent m\u00eame que ce ne serait que justice car pour eux, en plus de ses qualit\u00e9s personnelles, la tradition d\u2019alternance entre blocs francophone et anglophone dans la gestion de la Banque, devrait pr\u00e9valoir dans l\u2019int\u00e9r\u00eat de l\u2019institution. Cette question de langue ne devrait pourtant pas se poser pour le candidat de la Mauritanie, qui, en polyglotte, parle couramment arabe, anglais et Fran\u00e7ais.<\/span><\/p>\n<p class=\"p4\"><span class=\"s2\">M\u00eame si elle semble prudente sur le registre \u00ab des effets de pr\u00e9dictions de la victoire\u00bb par les analystes, la d\u00e9l\u00e9gation mauritanienne conduite par le coordinateur de la campagne officielle du candidat, le ministre de l&#8217;\u00e9<\/span><span class=\"s2\">conomie et des finances, Sid&#8217;Ahmed Ould Bouh, ne veut rien laisser au hasard. La d\u00e9l\u00e9gation officielle mauritanienne et le candidat lui-m\u00eame, alternant rencontres, apart\u00e9s et conciliabules, veulent mettre toutes les chances d\u2019une victoire le jour \u00abJ \u00bb de leur c\u00f4t\u00e9. Malgr\u00e9 cette fine bouche, l<\/span><span class=\"s2\">\u2019optimisme est pourtant est de rigueur. Il se lit sur les visages des membres de la d\u00e9l\u00e9gation gouvernementale et de la direction de campagne. Mais aussi et surtout sur celui du premier concern\u00e9 dans cette course \u00e0 la chaire de la pr\u00e9sidence du groupe de la BAD. Un challenge que l&#8217;int\u00e9ress\u00e9 porte \u00e0 bout de bras aujourd&#8217;hui et pour lequel il se dit reconnaissant au pr\u00e9sident de la R\u00e9publique, Mohamed Ould Ghazouani, pour la confiance qu&#8217;il lui a faite de briguer au nom du pays et de ses cadres de hautes fonctions internationales.<\/span><\/p>\n<p>Il faut dire que la d\u00e9l\u00e9gation mauritanienne se meut en terres acquises. En effet, ici la d\u00e9cision d&#8217;apporter le soutien au candidat mauritanien est d\u00e9j\u00e0 tranch\u00e9e par le pr\u00e9sident ivoirien Drame Alassane Ouatara qui, en \u00e9conomiste averti, se doute des qualit\u00e9s personnelles du candidat mauritanien \u00e0 porter haut et loin encore l&#8217;innovation et l&#8217;expertise de l&#8217;institution pour le financement du d\u00e9veloppement durable sur le Continent. Ce soutien officiel ivoirien est aussi partag\u00e9 par les populations d&#8217;Abidjan qui, \u00e0 l&#8217;unisson, disent esp\u00e9rer voir le candidat mauritanien l&#8217;emporter. Pour tous, un \u00e9pilogue \u00e0 port\u00e9e de main le 29 mai prochain. Inchallah.<\/p>\n<p class=\"p4\"><span class=\"s2\">JD<\/span><\/p>\n<p class=\"p4\"><span class=\"s2\">ENVOY\u00c9 SP\u00c9CIAL \u00c0 ABIDJAN <\/span><\/p>\n","protected":false},"excerpt":{"rendered":"<p>A Abidjan s\u2019engage aujourd\u2019hui la derni\u00e8re ligne droite pour l\u2019\u00e9lection du futur pr\u00e9sident du Groupe de la Banque Africaine de D\u00e9veloppement.\u00a0 Les Assembl\u00e9es annuelles du Groupe sont \u00e0 pied d\u2019\u0153uvre depuis deux jours pour l&#8217;organisation de ce scrutin tant attendu. Au si\u00e8ge de l&#8217;H\u00f4tel Sofitel Ivoire o\u00f9 se tiennent les assembl\u00e9es g\u00e9n\u00e9rales, c&#8217;est une fourmili\u00e8re &hellip;<\/p>\n","protected":false},"author":2,"featured_media":16011,"comment_status":"open","ping_status":"open","sticky":false,"template":"","format":"standard","meta":{"footnotes":""},"categories":[18,2,29],"tags":[],"class_list":["post-16001","post","type-post","status-publish","format-standard","has-post-thumbnail","hentry","category-actualites","category-economie","category-monde"],"_links":{"self":[{"href":"https:\/\/ladepeche.mr\/index.php?rest_route=\/wp\/v2\/posts\/16001","targetHints":{"allow":["GET"]}}],"collection":[{"href":"https:\/\/ladepeche.mr\/index.php?rest_route=\/wp\/v2\/posts"}],"about":[{"href":"https:\/\/ladepeche.mr\/index.php?rest_route=\/wp\/v2\/types\/post"}],"author":[{"embeddable":true,"href":"https:\/\/ladepeche.mr\/index.php?rest_route=\/wp\/v2\/users\/2"}],"replies":[{"embeddable":true,"href":"https:\/\/ladepeche.mr\/index.php?rest_route=%2Fwp%2Fv2%2Fcomments&post=16001"}],"version-history":[{"count":8,"href":"https:\/\/ladepeche.mr\/index.php?rest_route=\/wp\/v2\/posts\/16001\/revisions"}],"predecessor-version":[{"id":16018,"href":"https:\/\/ladepeche.mr\/index.php?rest_route=\/wp\/v2\/posts\/16001\/revisions\/16018"}],"wp:featuredmedia":[{"embeddable":true,"href":"https:\/\/ladepeche.mr\/index.php?rest_route=\/wp\/v2\/media\/16011"}],"wp:attachment":[{"href":"https:\/\/ladepeche.mr\/index.php?rest_route=%2Fwp%2Fv2%2Fmedia&parent=16001"}],"wp:term":[{"taxonomy":"category","embeddable":true,"href":"https:\/\/ladepeche.mr\/index.php?rest_route=%2Fwp%2Fv2%2Fcategories&post=16001"},{"taxonomy":"post_tag","embeddable":true,"href":"https:\/\/ladepeche.mr\/index.php?rest_route=%2Fwp%2Fv2%2Ftags&post=16001"}],"curies":[{"name":"wp","href":"https:\/\/api.w.org\/{rel}","templated":true}]}}