{"id":16007,"date":"2025-05-27T11:52:51","date_gmt":"2025-05-27T11:52:51","guid":{"rendered":"https:\/\/ladepeche.mr\/?p=16007"},"modified":"2025-05-27T11:52:51","modified_gmt":"2025-05-27T11:52:51","slug":"sahara-plan-dautonomie-le-kenya-saligne-sur-la-position-marocaine","status":"publish","type":"post","link":"https:\/\/ladepeche.mr\/?p=16007","title":{"rendered":"Sahara\/ Plan d\u2019autonomie : Le Kenya s\u2019aligne sur la position marocaine"},"content":{"rendered":"<p>Rabat (MAP)- La R\u00e9publique du Kenya consid\u00e8re le Plan marocain d\u2019autonomie comme la seule approche durable pour r\u00e9soudre la question du Sahara et salue le consensus international croissant et la dynamique men\u00e9e par Sa Majest\u00e9 le Roi en faveur de ce plan.<\/p>\n<p>Cette position a \u00e9t\u00e9 exprim\u00e9e dans un Communiqu\u00e9 conjoint publi\u00e9, lundi \u00e0 Rabat, \u00e0 l\u2019issue d\u2019une r\u00e9union entre le ministre des Affaires \u00e9trang\u00e8res, de la Coop\u00e9ration africaine et des Marocains r\u00e9sidant \u00e0 l\u2019\u00e9tranger, Nasser Bourita, et le Premier ministre et ministre des Affaires \u00e9trang\u00e8res et de la Diaspora de la R\u00e9publique du Kenya, MusaliaMudavadi.<\/p>\n<p>Dans ce Communiqu\u00e9 conjoint, le Kenya &#8220;consid\u00e8re le plan d&#8217;autonomie comme la seule approche durable pour la r\u00e9solution de la question du Sahara et entend coop\u00e9rer avec les \u00c9tats ayant la m\u00eame vision pour favoriser sa mise en \u0153uvre&#8221;.<\/p>\n<p>Dans ce contexte, &#8220;la R\u00e9publique du Kenya se f\u00e9licite du consensus international croissant et de la dynamique men\u00e9e par Sa Majest\u00e9 le Roi Mohammed VI en faveur du plan d&#8217;autonomie pr\u00e9sent\u00e9 par le Royaume du Maroc comme la seule solution cr\u00e9dible et r\u00e9aliste pour r\u00e9soudre le diff\u00e9rend sur le Sahara&#8221;, poursuit le Communiqu\u00e9.<\/p>\n<p>Les deux hauts responsables ont insist\u00e9 sur &#8220;l&#8217;exclusivit\u00e9 des Nations Unies dans le processus politique et r\u00e9affirm\u00e9 leur soutien aux r\u00e9solutions du Conseil de s\u00e9curit\u00e9 des Nations Unies, en particulier la r\u00e9solution 2756 (2024)&#8221;.<\/p>\n<p>Enfin, le Royaume du Maroc, souligne le Communiqu\u00e9, &#8220;appr\u00e9cie la reconnaissance par le Kenya de la coop\u00e9ration continue du Maroc avec le Secr\u00e9taire G\u00e9n\u00e9ral des Nations Unies et son Envoy\u00e9 Personnel pour faire avancer le processus politique sur la base des r\u00e9solutions pertinentes du Conseil de S\u00e9curit\u00e9&#8221;.<\/p>\n","protected":false},"excerpt":{"rendered":"<p>Rabat (MAP)- La R\u00e9publique du Kenya consid\u00e8re le Plan marocain d\u2019autonomie comme la seule approche durable pour r\u00e9soudre la question du Sahara et salue le consensus international croissant et la dynamique men\u00e9e par Sa Majest\u00e9 le Roi en faveur de ce plan. Cette position a \u00e9t\u00e9 exprim\u00e9e dans un Communiqu\u00e9 conjoint publi\u00e9, lundi \u00e0 Rabat, &hellip;<\/p>\n","protected":false},"author":2,"featured_media":16008,"comment_status":"open","ping_status":"open","sticky":false,"template":"","format":"standard","meta":{"footnotes":""},"categories":[18,29],"tags":[],"class_list":["post-16007","post","type-post","status-publish","format-standard","has-post-thumbnail","hentry","category-actualites","category-monde"],"_links":{"self":[{"href":"https:\/\/ladepeche.mr\/index.php?rest_route=\/wp\/v2\/posts\/16007","targetHints":{"allow":["GET"]}}],"collection":[{"href":"https:\/\/ladepeche.mr\/index.php?rest_route=\/wp\/v2\/posts"}],"about":[{"href":"https:\/\/ladepeche.mr\/index.php?rest_route=\/wp\/v2\/types\/post"}],"author":[{"embeddable":true,"href":"https:\/\/ladepeche.mr\/index.php?rest_route=\/wp\/v2\/users\/2"}],"replies":[{"embeddable":true,"href":"https:\/\/ladepeche.mr\/index.php?rest_route=%2Fwp%2Fv2%2Fcomments&post=16007"}],"version-history":[{"count":1,"href":"https:\/\/ladepeche.mr\/index.php?rest_route=\/wp\/v2\/posts\/16007\/revisions"}],"predecessor-version":[{"id":16009,"href":"https:\/\/ladepeche.mr\/index.php?rest_route=\/wp\/v2\/posts\/16007\/revisions\/16009"}],"wp:featuredmedia":[{"embeddable":true,"href":"https:\/\/ladepeche.mr\/index.php?rest_route=\/wp\/v2\/media\/16008"}],"wp:attachment":[{"href":"https:\/\/ladepeche.mr\/index.php?rest_route=%2Fwp%2Fv2%2Fmedia&parent=16007"}],"wp:term":[{"taxonomy":"category","embeddable":true,"href":"https:\/\/ladepeche.mr\/index.php?rest_route=%2Fwp%2Fv2%2Fcategories&post=16007"},{"taxonomy":"post_tag","embeddable":true,"href":"https:\/\/ladepeche.mr\/index.php?rest_route=%2Fwp%2Fv2%2Ftags&post=16007"}],"curies":[{"name":"wp","href":"https:\/\/api.w.org\/{rel}","templated":true}]}}