{"id":16028,"date":"2025-05-27T17:27:40","date_gmt":"2025-05-27T17:27:40","guid":{"rendered":"https:\/\/ladepeche.mr\/?p=16028"},"modified":"2025-05-27T17:27:40","modified_gmt":"2025-05-27T17:27:40","slug":"le-president-de-la-republique-recoit-les-membres-du-conseil-de-supervision-de-linstitution-de-lopposition-democratique","status":"publish","type":"post","link":"https:\/\/ladepeche.mr\/?p=16028","title":{"rendered":"Le Pr\u00e9sident de la R\u00e9publique re\u00e7oit les membres du Conseil de Supervision de l\u2019Institution de l\u2019Opposition D\u00e9mocratique"},"content":{"rendered":"<p>S.E. le Pr\u00e9sident de la R\u00e9publique, Mohamed Ould Cheikh El Ghazouani, a re\u00e7u, lundi au Palais pr\u00e9sidentiel \u00e0 Nouakchott, les membres du Conseil de supervision de l\u2019institution de l\u2019opposition d\u00e9mocratique, pr\u00e9sid\u00e9e par M. Hamadi Sidi El Mokhtar, et compos\u00e9e de MM. Diop Amadou Tidjane, Abdessalam Ould Horma et Sawdatou Wane.<\/p>\n<p>Cette rencontre s\u2019inscrit dans le cadre des r\u00e9unions entre la Pr\u00e9sidence de la R\u00e9publique et l\u2019institution de l\u2019Opposition D\u00e9mocratique, dont Son Excellence le Pr\u00e9sident de la R\u00e9publique a tenu \u00e0 assurer la r\u00e9gularit\u00e9.<\/p>\n<p><img loading=\"lazy\" decoding=\"async\" class=\"size-medium wp-image-271940 alignleft b-loaded\" src=\"https:\/\/ami.mr\/fr\/wp-content\/uploads\/2025\/05\/%D8%AA%D8%B5%D8%B1%D9%8A%D8%AD-%D8%B2%D8%B9%D9%8A%D9%85-%D8%A7%D9%84%D9%85%D8%B9%D8%A7%D8%B1%D8%B6%D8%A9-300x188.jpg\" sizes=\"auto, (max-width: 300px) 100vw, 300px\" srcset=\"https:\/\/ami.mr\/fr\/wp-content\/uploads\/2025\/05\/\u062a\u0635\u0631\u064a\u062d-\u0632\u0639\u064a\u0645-\u0627\u0644\u0645\u0639\u0627\u0631\u0636\u0629-300x188.jpg 300w, https:\/\/ami.mr\/fr\/wp-content\/uploads\/2025\/05\/\u062a\u0635\u0631\u064a\u062d-\u0632\u0639\u064a\u0645-\u0627\u0644\u0645\u0639\u0627\u0631\u0636\u0629-1024x643.jpg 1024w, https:\/\/ami.mr\/fr\/wp-content\/uploads\/2025\/05\/\u062a\u0635\u0631\u064a\u062d-\u0632\u0639\u064a\u0645-\u0627\u0644\u0645\u0639\u0627\u0631\u0636\u0629-768x482.jpg 768w, https:\/\/ami.mr\/fr\/wp-content\/uploads\/2025\/05\/\u062a\u0635\u0631\u064a\u062d-\u0632\u0639\u064a\u0645-\u0627\u0644\u0645\u0639\u0627\u0631\u0636\u0629-1536x964.jpg 1536w, https:\/\/ami.mr\/fr\/wp-content\/uploads\/2025\/05\/\u062a\u0635\u0631\u064a\u062d-\u0632\u0639\u064a\u0645-\u0627\u0644\u0645\u0639\u0627\u0631\u0636\u0629-2048x1285.jpg 2048w\" alt=\"\" width=\"300\" height=\"188\" \/><\/p>\n<p>Dans une d\u00e9claration \u00e0 l\u2019issue de la r\u00e9union, le chef de file de l\u2019institution de l\u2019Opposition D\u00e9mocratique a indiqu\u00e9 que la r\u00e9union entre le Conseil de Supervision de l\u2019institution de l\u2019Opposition D\u00e9mocratique et le Pr\u00e9sident de la R\u00e9publique a \u00e9t\u00e9 l\u2019occasion de discuter de plusieurs questions, telles que le dialogue national \u00e0 venir et la position du Conseil de Supervision de l\u2019institution de l\u2019Opposition \u00e0 ce sujet.<\/p>\n<p>Il a ajout\u00e9 que la r\u00e9union a \u00e9galement abord\u00e9 la vague d\u2019ath\u00e9isme et la n\u00e9cessit\u00e9 d\u2019y faire face, ainsi que la corruption et la richesse soudaine de certaines personnalit\u00e9s et la n\u00e9cessit\u00e9 d\u2019y faire face par une politique forte et dissuasive<\/p>\n<p>Le chef de file de l\u2019opposition d\u00e9mocratique a soulign\u00e9 que la r\u00e9union a \u00e9galement abord\u00e9 les drogues et leur danger pour les jeunes, la migration et ses questions connexes, la saison des pluies et la n\u00e9cessit\u00e9 pour le gouvernement de se pr\u00e9parer \u00e0 faire face aux cons\u00e9quences de cette saison, en particulier dans les wilayas de la Vall\u00e9e, ainsi que les libert\u00e9s, estimant que cette r\u00e9union a \u00e9t\u00e9 utile pour l\u2019\u00e9change entre les deux parties.<\/p>\n<p>L\u2019entretien s\u2019est d\u00e9roul\u00e9 en pr\u00e9sence du ministre charg\u00e9 de la Pr\u00e9sidence de la R\u00e9publique, M. Nani\u00a0Ould\u00a0Chrougha.<\/p>\n<p>Ami<\/p>\n","protected":false},"excerpt":{"rendered":"<p>S.E. le Pr\u00e9sident de la R\u00e9publique, Mohamed Ould Cheikh El Ghazouani, a re\u00e7u, lundi au Palais pr\u00e9sidentiel \u00e0 Nouakchott, les membres du Conseil de supervision de l\u2019institution de l\u2019opposition d\u00e9mocratique, pr\u00e9sid\u00e9e par M. Hamadi Sidi El Mokhtar, et compos\u00e9e de MM. Diop Amadou Tidjane, Abdessalam Ould Horma et Sawdatou Wane. Cette rencontre s\u2019inscrit dans le &hellip;<\/p>\n","protected":false},"author":2,"featured_media":16029,"comment_status":"open","ping_status":"open","sticky":false,"template":"","format":"standard","meta":{"footnotes":""},"categories":[18,31],"tags":[],"class_list":["post-16028","post","type-post","status-publish","format-standard","has-post-thumbnail","hentry","category-actualites","category-politique-et-reportages"],"_links":{"self":[{"href":"https:\/\/ladepeche.mr\/index.php?rest_route=\/wp\/v2\/posts\/16028","targetHints":{"allow":["GET"]}}],"collection":[{"href":"https:\/\/ladepeche.mr\/index.php?rest_route=\/wp\/v2\/posts"}],"about":[{"href":"https:\/\/ladepeche.mr\/index.php?rest_route=\/wp\/v2\/types\/post"}],"author":[{"embeddable":true,"href":"https:\/\/ladepeche.mr\/index.php?rest_route=\/wp\/v2\/users\/2"}],"replies":[{"embeddable":true,"href":"https:\/\/ladepeche.mr\/index.php?rest_route=%2Fwp%2Fv2%2Fcomments&post=16028"}],"version-history":[{"count":1,"href":"https:\/\/ladepeche.mr\/index.php?rest_route=\/wp\/v2\/posts\/16028\/revisions"}],"predecessor-version":[{"id":16030,"href":"https:\/\/ladepeche.mr\/index.php?rest_route=\/wp\/v2\/posts\/16028\/revisions\/16030"}],"wp:featuredmedia":[{"embeddable":true,"href":"https:\/\/ladepeche.mr\/index.php?rest_route=\/wp\/v2\/media\/16029"}],"wp:attachment":[{"href":"https:\/\/ladepeche.mr\/index.php?rest_route=%2Fwp%2Fv2%2Fmedia&parent=16028"}],"wp:term":[{"taxonomy":"category","embeddable":true,"href":"https:\/\/ladepeche.mr\/index.php?rest_route=%2Fwp%2Fv2%2Fcategories&post=16028"},{"taxonomy":"post_tag","embeddable":true,"href":"https:\/\/ladepeche.mr\/index.php?rest_route=%2Fwp%2Fv2%2Ftags&post=16028"}],"curies":[{"name":"wp","href":"https:\/\/api.w.org\/{rel}","templated":true}]}}