{"id":1603,"date":"2022-08-27T13:08:44","date_gmt":"2022-08-27T13:08:44","guid":{"rendered":"https:\/\/ladepeche.mr\/?p=1603"},"modified":"2022-08-27T13:08:44","modified_gmt":"2022-08-27T13:08:44","slug":"convention-de-societe-biladi-retour-sur-investissement-politique","status":"publish","type":"post","link":"https:\/\/ladepeche.mr\/?p=1603","title":{"rendered":"Convention de Soci\u00e9t\u00e9 Biladi, retour sur &#8220;investissement\u00a0politique&#8221;?"},"content":{"rendered":"<p>Le 17 ao\u00fbt 2022, le conseil des ministres rend public une convention d\u2019\u00e9tablissement entre lui et la Soci\u00e9t\u00e9 Biladi pour la Production Agricole et Animale-SA. Une soci\u00e9t\u00e9 o\u00f9 apparait comme principal responsable Mohamed Ould Kaem, le vice-pr\u00e9sident du CA. Une convention pour un co\u00fbt de 743.386.420 MRU par laquelle la dite soci\u00e9t\u00e9 compos\u00e9e d\u2019actionnaires mauritaniens, turcs et soudanais promet de mettre en place\u00a0; dans le Trarza, un projet int\u00e9gr\u00e9 de production avicole et fourrage pour l\u2019\u00e9levage \u00e0 Rosso.<\/p>\n<p>D\u00e9j\u00e0 fort pr\u00e9sente lors du lancement officiel de la campagne agricole 2021-2022 dans la m\u00eame r\u00e9gion, Bildai promet aussi de cr\u00e9er 137 emplois directs et 1000 autres indirects.<\/p>\n","protected":false},"excerpt":{"rendered":"<p>Le 17 ao\u00fbt 2022, le conseil des ministres rend public une convention d\u2019\u00e9tablissement entre lui et la Soci\u00e9t\u00e9 Biladi pour la Production Agricole et Animale-SA. Une soci\u00e9t\u00e9 o\u00f9 apparait comme principal responsable Mohamed Ould Kaem, le vice-pr\u00e9sident du CA. Une convention pour un co\u00fbt de 743.386.420 MRU par laquelle la dite soci\u00e9t\u00e9 compos\u00e9e d\u2019actionnaires mauritaniens, &hellip;<\/p>\n","protected":false},"author":2,"featured_media":1604,"comment_status":"open","ping_status":"open","sticky":false,"template":"","format":"standard","meta":{"footnotes":""},"categories":[25],"tags":[],"class_list":["post-1603","post","type-post","status-publish","format-standard","has-post-thumbnail","hentry","category-en-forme"],"_links":{"self":[{"href":"https:\/\/ladepeche.mr\/index.php?rest_route=\/wp\/v2\/posts\/1603","targetHints":{"allow":["GET"]}}],"collection":[{"href":"https:\/\/ladepeche.mr\/index.php?rest_route=\/wp\/v2\/posts"}],"about":[{"href":"https:\/\/ladepeche.mr\/index.php?rest_route=\/wp\/v2\/types\/post"}],"author":[{"embeddable":true,"href":"https:\/\/ladepeche.mr\/index.php?rest_route=\/wp\/v2\/users\/2"}],"replies":[{"embeddable":true,"href":"https:\/\/ladepeche.mr\/index.php?rest_route=%2Fwp%2Fv2%2Fcomments&post=1603"}],"version-history":[{"count":1,"href":"https:\/\/ladepeche.mr\/index.php?rest_route=\/wp\/v2\/posts\/1603\/revisions"}],"predecessor-version":[{"id":1605,"href":"https:\/\/ladepeche.mr\/index.php?rest_route=\/wp\/v2\/posts\/1603\/revisions\/1605"}],"wp:featuredmedia":[{"embeddable":true,"href":"https:\/\/ladepeche.mr\/index.php?rest_route=\/wp\/v2\/media\/1604"}],"wp:attachment":[{"href":"https:\/\/ladepeche.mr\/index.php?rest_route=%2Fwp%2Fv2%2Fmedia&parent=1603"}],"wp:term":[{"taxonomy":"category","embeddable":true,"href":"https:\/\/ladepeche.mr\/index.php?rest_route=%2Fwp%2Fv2%2Fcategories&post=1603"},{"taxonomy":"post_tag","embeddable":true,"href":"https:\/\/ladepeche.mr\/index.php?rest_route=%2Fwp%2Fv2%2Ftags&post=1603"}],"curies":[{"name":"wp","href":"https:\/\/api.w.org\/{rel}","templated":true}]}}