{"id":16033,"date":"2025-05-27T18:00:55","date_gmt":"2025-05-27T18:00:55","guid":{"rendered":"https:\/\/ladepeche.mr\/?p=16033"},"modified":"2025-05-27T17:32:58","modified_gmt":"2025-05-27T17:32:58","slug":"le-president-de-la-republique-recoit-un-message-ecrit-du-president-egyptien","status":"publish","type":"post","link":"https:\/\/ladepeche.mr\/?p=16033","title":{"rendered":"Le Pr\u00e9sident de la R\u00e9publique re\u00e7oit un message \u00e9crit du Pr\u00e9sident \u00e9gyptien"},"content":{"rendered":"<p>&nbsp;<\/p>\n<p>Le Pr\u00e9sident de la R\u00e9publique, Monsieur Mohamed Ould Cheikh El Ghazouani, a re\u00e7u, mardi au Palais pr\u00e9sidentiel \u00e0 Nouakchott, le ministre des Affaires \u00e9trang\u00e8res, de l\u2019Immigration et des Affaires des Egyptiennes r\u00e9sidant \u00e0 l\u2019\u00e9tranger, Dr. Bedr Abdelaty, qui conduit la d\u00e9l\u00e9gation de son pays \u00e0 la deuxi\u00e8me session de la Commission mixte mauritano-\u00e9gyptienne de coop\u00e9ration.<\/p>\n<p>Son Excellence le Pr\u00e9sident de la R\u00e9publique a re\u00e7u des mains de Dr. Bedr Abdelaty, un message \u00e9crit de Son Excellence le Pr\u00e9sident de la R\u00e9publique Arabe d\u2019Egypte, M. Abdelvettah Essissi.<\/p>\n<p>L\u2019audience accord\u00e9e par Son Excellence au ministre \u00e9gyptien a port\u00e9 sur les domaines de coop\u00e9ration entre les deux pays et les moyens susceptibles de la renforcer dans l\u2019int\u00e9r\u00eat commun des deux peuples fr\u00e8res.<\/p>\n<p>A l\u2019issue de l\u2019audience, le ministre \u00e9gyptien a fait une d\u00e9claration dans laquelle il a exprim\u00e9 sa satisfaction de l\u2019interview que lui a \u00e9t\u00e9 accord\u00e9e Son Excellence le Pr\u00e9sident de la R\u00e9publique, au cours de laquelle il lui a remis un message \u00e9crit de son fr\u00e8re, le Pr\u00e9sident \u00e9gyptien, estimant que la rencontre repr\u00e9sente une occasion de confirmer la profondeur des relations historiques entre les deux pays fr\u00e8res, approfondissant et renfor\u00e7ant la coop\u00e9ration dans tous les domaines dans l\u2019int\u00e9r\u00eat commun, tout en soulignant l\u2019importance de la tenue des travaux de la deuxi\u00e8me session de la Commission mixte \u00e9gypto-mauritanienne.<\/p>\n<p>Il a dit avoir pass\u00e9 en revue avec le Pr\u00e9sident de la R\u00e9publique les immenses opportunit\u00e9s que rec\u00e8le l\u2019\u00e9conomie mauritanienne, dans les secteurs minier et \u00e9nerg\u00e9tique, ainsi que dans les secteurs de l\u2019\u00e9ducation, de la culture, de l\u2019agriculture, de la p\u00eache, des transports et des infrastructures, exprimant son appr\u00e9ciation d\u2019importants progr\u00e8s r\u00e9alis\u00e9s en Mauritanie sous la direction de Son Excellence le Pr\u00e9sident de la R\u00e9publique.<\/p>\n<p>M. le ministre a soulign\u00e9 la volont\u00e9 des entreprises \u00e9gyptiennes d\u2019injecter des investissements dans l\u2019\u00e9conomie mauritanienne, de profiter des immenses opportunit\u00e9s disponibles dans divers secteurs, transf\u00e9rant leur expertise en Mauritanie, et mettant en \u0153uvre de nombreux projets, conform\u00e9ment \u00e0 la vision \u00e9clair\u00e9e de Son Excellence le Pr\u00e9sident de la R\u00e9publique..<\/p>\n<p>Il a d\u00e9clar\u00e9 avoir transmis \u00e0 Son Excellence le Pr\u00e9sident \u00e9gyptien la profonde appr\u00e9ciation de la Mauritanie de la position de principe de l\u2019Egypte \u00e0 l\u2019\u00e9gard de la cause palestinienne, la premi\u00e8re cause arabe, soulignant l\u2019importance de redoubler d\u2019efforts en vue de l\u2019arr\u00eat imm\u00e9diat de l\u2019agression isra\u00e9lienne, d\u2019un retour \u00e0 l\u2019accord de cessez-le-feu et d\u2019un acc\u00e8s complet \u00e0 l\u2019aide humanitaire et m\u00e9dicale \u00e0 la bande de Gaza.<\/p>\n<p>Parmi les th\u00e8mes d\u00e9battus avec Son Excellence, le soutien au plan de reconstruction arabe et islamique, et sa mise en \u0153uvre sur le terrain pour assurer la survie du peuple palestinien sur sa terre afin d\u2019emp\u00eacher son d\u00e9placement, en plus du rejet total de toutes les formes de d\u00e9placement.<\/p>\n<p>Le ministre a assur\u00e9 Son Excellence le Pr\u00e9sident de la R\u00e9publique de la convergence des vues entre les deux pays sur diverses questions r\u00e9gionales, notamment la situation en Libye, au Soudan et dans le Sahel africain, appr\u00e9ciant le r\u00f4le jou\u00e9 par la Mauritanie dans la promotion de l\u2019action arabe commune dans le cadre de la Ligue des Etats arabes, la participation de Son Excellence le Pr\u00e9sident de la R\u00e9publique au sommet d\u2019urgence sur la Palestine tenu au Caire en mars dernier, le r\u00f4le de la Mauritanie dans la promotion d\u2019une action africaine concert\u00e9e au sain de l\u2019Union africaine<\/p>\n<p>La rencontre s\u2019est d\u00e9roul\u00e9e en pr\u00e9sence du ministre charg\u00e9 de cabinet du Pr\u00e9sident de la R\u00e9publique, M. Nani Ould Chrougha, du ministre des Affaires Etrang\u00e8res, de la Coop\u00e9ration Africaine et des Mauritaniens de l\u2019Ext\u00e9rieur, M. Mohamed Salem Ould Merzoug, de SEM. El Housseine Sidi Abdallah Diyah, ambassadeur de Mauritanie au Caire, et de M. Ahmed Salem Ould Mohamed Fadhel, conseiller \u00e0 la Pr\u00e9sidence de la R\u00e9publique.<\/p>\n<p>Etaient, \u00e9galement, pr\u00e9sents, outre le ministre \u00e9gyptien des Affaires \u00e9trang\u00e8res, SE Dr Ahmed Taya, ambassadeur de la R\u00e9publique arabe d\u2019\u00c9gypte en Mauritanie, l\u2019ambassadeur Ihab Vahmy, vice-ministre des Affaires \u00e9trang\u00e8res charg\u00e9 des Affaires arabes, et M. Ahmed Ebou Naga, membre de cabinet du ministre \u00e9gyptien des Affaires \u00e9trang\u00e8res.<\/p>\n<p><img decoding=\"async\" src=\"https:\/\/ami.mr\/fr\/wp-content\/uploads\/2025\/05\/%D8%A7%D9%84%D8%AA%D8%B5%D8%B1%D9%8A%D8%AD2-300x188.jpg\" \/><\/p>\n<p>AMI<\/p>\n","protected":false},"excerpt":{"rendered":"<p>&nbsp; Le Pr\u00e9sident de la R\u00e9publique, Monsieur Mohamed Ould Cheikh El Ghazouani, a re\u00e7u, mardi au Palais pr\u00e9sidentiel \u00e0 Nouakchott, le ministre des Affaires \u00e9trang\u00e8res, de l\u2019Immigration et des Affaires des Egyptiennes r\u00e9sidant \u00e0 l\u2019\u00e9tranger, Dr. Bedr Abdelaty, qui conduit la d\u00e9l\u00e9gation de son pays \u00e0 la deuxi\u00e8me session de la Commission mixte mauritano-\u00e9gyptienne de &hellip;<\/p>\n","protected":false},"author":2,"featured_media":16034,"comment_status":"open","ping_status":"open","sticky":false,"template":"","format":"standard","meta":{"footnotes":""},"categories":[18],"tags":[],"class_list":["post-16033","post","type-post","status-publish","format-standard","has-post-thumbnail","hentry","category-actualites"],"_links":{"self":[{"href":"https:\/\/ladepeche.mr\/index.php?rest_route=\/wp\/v2\/posts\/16033","targetHints":{"allow":["GET"]}}],"collection":[{"href":"https:\/\/ladepeche.mr\/index.php?rest_route=\/wp\/v2\/posts"}],"about":[{"href":"https:\/\/ladepeche.mr\/index.php?rest_route=\/wp\/v2\/types\/post"}],"author":[{"embeddable":true,"href":"https:\/\/ladepeche.mr\/index.php?rest_route=\/wp\/v2\/users\/2"}],"replies":[{"embeddable":true,"href":"https:\/\/ladepeche.mr\/index.php?rest_route=%2Fwp%2Fv2%2Fcomments&post=16033"}],"version-history":[{"count":1,"href":"https:\/\/ladepeche.mr\/index.php?rest_route=\/wp\/v2\/posts\/16033\/revisions"}],"predecessor-version":[{"id":16035,"href":"https:\/\/ladepeche.mr\/index.php?rest_route=\/wp\/v2\/posts\/16033\/revisions\/16035"}],"wp:featuredmedia":[{"embeddable":true,"href":"https:\/\/ladepeche.mr\/index.php?rest_route=\/wp\/v2\/media\/16034"}],"wp:attachment":[{"href":"https:\/\/ladepeche.mr\/index.php?rest_route=%2Fwp%2Fv2%2Fmedia&parent=16033"}],"wp:term":[{"taxonomy":"category","embeddable":true,"href":"https:\/\/ladepeche.mr\/index.php?rest_route=%2Fwp%2Fv2%2Fcategories&post=16033"},{"taxonomy":"post_tag","embeddable":true,"href":"https:\/\/ladepeche.mr\/index.php?rest_route=%2Fwp%2Fv2%2Ftags&post=16033"}],"curies":[{"name":"wp","href":"https:\/\/api.w.org\/{rel}","templated":true}]}}