{"id":16036,"date":"2025-05-27T18:30:35","date_gmt":"2025-05-27T18:30:35","guid":{"rendered":"https:\/\/ladepeche.mr\/?p=16036"},"modified":"2025-05-27T17:40:43","modified_gmt":"2025-05-27T17:40:43","slug":"tension-entre-macron-et-son-epouse-le-president-francais-dement","status":"publish","type":"post","link":"https:\/\/ladepeche.mr\/?p=16036","title":{"rendered":"Tension entre Macron et son \u00e9pouse : le pr\u00e9sident fran\u00e7ais d\u00e9ment"},"content":{"rendered":"<p data-t=\"{&quot;n&quot;:&quot;blueLinks&quot;,&quot;t&quot;:13,&quot;a&quot;:&quot;click&quot;,&quot;b&quot;:76}\"><strong>Emmanuel Macron affirme que le couple plaisantait et il a jug\u00e9 la r\u00e9action des m\u00e9dias exag\u00e9r\u00e9e.<\/strong><\/p>\n<div class=\"article-image-slot image-slot-placeholder\" data-doc-id=\"cms\/api\/amp\/image\/AA1FwePJ\">\n<div class=\"article-image-slot\">\n<div class=\"article-image-container polished\" data-t=\"{&quot;n&quot;:&quot;OpenModal&quot;,&quot;t&quot;:13,&quot;b&quot;:8,&quot;c.i&quot;:&quot;AA1FwePM&quot;,&quot;c.l&quot;:false,&quot;c.t&quot;:13,&quot;c.v&quot;:&quot;news&quot;,&quot;c.c&quot;:&quot;others&quot;,&quot;c.b&quot;:&quot;Euronews (Fran\u00e7ais)&quot;,&quot;c.bi&quot;:&quot;AA2qy7x&quot;,&quot;c.tv&quot;:&quot;politics&quot;,&quot;c.tc&quot;:&quot;government&quot;,&quot;c.hl&quot;:&quot;Tension entre Macron et son \u00e9pouse : le pr\u00e9sident fran\u00e7ais d\u00e9ment&quot;}\" data-test-id=\"AA1FwePJ\">\n<p data-t=\"{&quot;n&quot;:&quot;blueLinks&quot;,&quot;t&quot;:13,&quot;a&quot;:&quot;click&quot;,&quot;b&quot;:76}\">L&#8217; incident ne dure que quelque secondes, mais assez pour \u00eatre immortalis\u00e9.<\/p>\n<p data-t=\"{&quot;n&quot;:&quot;blueLinks&quot;,&quot;t&quot;:13,&quot;a&quot;:&quot;click&quot;,&quot;b&quot;:76}\">L\u2019\u00e9pouse du pr\u00e9sident Macron semblant le pousser au visage \u00e0 leur arriv\u00e9e au Vietnam alors que le chef de l\u2019\u00c9tat fran\u00e7ais entame une tourn\u00e9e en Asie du sud-est ce weekend.<\/p>\n<p data-t=\"{&quot;n&quot;:&quot;blueLinks&quot;,&quot;t&quot;:13,&quot;a&quot;:&quot;click&quot;,&quot;b&quot;:76}\">Un bref moment qui a rapidement fait les gros titres en France et ailleurs, suscitant un d\u00e9bat sur la question de savoir s&#8217;il s&#8217;agissait d&#8217;un signe de tension ou d&#8217;un simple comportement ludique; puisque dans la foul\u00e9e debout en haut des escaliers, Brigitte Macron semble bouder son bras alors qu&#8217;ils descendent les marches c\u00f4te \u00e0 c\u00f4te.<\/p>\n<p class=\"continue-read-break\" data-t=\"{&quot;n&quot;:&quot;blueLinks&quot;,&quot;t&quot;:13,&quot;a&quot;:&quot;click&quot;,&quot;b&quot;:76}\">Le pr\u00e9sident Macron a par la suite r\u00e9agi \u00e0 la s\u00e9quence, affirmant que le couple plaisantait, et il a jug\u00e9 la r\u00e9action des m\u00e9dias exag\u00e9r\u00e9e.<\/p>\n<p data-t=\"{&quot;n&quot;:&quot;blueLinks&quot;,&quot;t&quot;:13,&quot;a&quot;:&quot;click&quot;,&quot;b&quot;:76}\">Son bureau a \u00e9galement minimis\u00e9 le moment, le d\u00e9crivant comme un \u00e9change priv\u00e9 sorti de son contexte, et a mis en garde contre la propagation de r\u00e9cits trompeurs en ligne.<\/p>\n<p data-t=\"{&quot;n&quot;:&quot;blueLinks&quot;,&quot;t&quot;:13,&quot;a&quot;:&quot;click&quot;,&quot;b&quot;:76}\">Les \u00e9poux Macron sont mari\u00e9s depuis 2007. Ils se sont rencontr\u00e9s pour la premi\u00e8re fois au lyc\u00e9e o\u00f9 il \u00e9tait \u00e9l\u00e8ve et elle enseignante.<\/p>\n<p data-t=\"{&quot;n&quot;:&quot;blueLinks&quot;,&quot;t&quot;:13,&quot;a&quot;:&quot;click&quot;,&quot;b&quot;:76}\"><a href=\"https:\/\/www.msn.com\/fr-xl\/actualite\/other\/tension-entre-macron-et-son-%C3%A9pouse-le-pr%C3%A9sident-fran%C3%A7ais-d%C3%A9ment\/ar-AA1FwePM?ocid=msedgntp&amp;pc=U531&amp;cvid=f8550d012169401a8acda0bb4af57c45&amp;ei=55\">Tension entre Macron et son \u00e9pouse : le pr\u00e9sident fran\u00e7ais d\u00e9ment<\/a><\/p>\n<\/div>\n<\/div>\n<\/div>\n","protected":false},"excerpt":{"rendered":"<p>Emmanuel Macron affirme que le couple plaisantait et il a jug\u00e9 la r\u00e9action des m\u00e9dias exag\u00e9r\u00e9e. L&#8217; incident ne dure que quelque secondes, mais assez pour \u00eatre immortalis\u00e9. L\u2019\u00e9pouse du pr\u00e9sident Macron semblant le pousser au visage \u00e0 leur arriv\u00e9e au Vietnam alors que le chef de l\u2019\u00c9tat fran\u00e7ais entame une tourn\u00e9e en Asie du &hellip;<\/p>\n","protected":false},"author":2,"featured_media":16037,"comment_status":"open","ping_status":"open","sticky":false,"template":"","format":"standard","meta":{"footnotes":""},"categories":[18,29],"tags":[],"class_list":["post-16036","post","type-post","status-publish","format-standard","has-post-thumbnail","hentry","category-actualites","category-monde"],"_links":{"self":[{"href":"https:\/\/ladepeche.mr\/index.php?rest_route=\/wp\/v2\/posts\/16036","targetHints":{"allow":["GET"]}}],"collection":[{"href":"https:\/\/ladepeche.mr\/index.php?rest_route=\/wp\/v2\/posts"}],"about":[{"href":"https:\/\/ladepeche.mr\/index.php?rest_route=\/wp\/v2\/types\/post"}],"author":[{"embeddable":true,"href":"https:\/\/ladepeche.mr\/index.php?rest_route=\/wp\/v2\/users\/2"}],"replies":[{"embeddable":true,"href":"https:\/\/ladepeche.mr\/index.php?rest_route=%2Fwp%2Fv2%2Fcomments&post=16036"}],"version-history":[{"count":1,"href":"https:\/\/ladepeche.mr\/index.php?rest_route=\/wp\/v2\/posts\/16036\/revisions"}],"predecessor-version":[{"id":16038,"href":"https:\/\/ladepeche.mr\/index.php?rest_route=\/wp\/v2\/posts\/16036\/revisions\/16038"}],"wp:featuredmedia":[{"embeddable":true,"href":"https:\/\/ladepeche.mr\/index.php?rest_route=\/wp\/v2\/media\/16037"}],"wp:attachment":[{"href":"https:\/\/ladepeche.mr\/index.php?rest_route=%2Fwp%2Fv2%2Fmedia&parent=16036"}],"wp:term":[{"taxonomy":"category","embeddable":true,"href":"https:\/\/ladepeche.mr\/index.php?rest_route=%2Fwp%2Fv2%2Fcategories&post=16036"},{"taxonomy":"post_tag","embeddable":true,"href":"https:\/\/ladepeche.mr\/index.php?rest_route=%2Fwp%2Fv2%2Ftags&post=16036"}],"curies":[{"name":"wp","href":"https:\/\/api.w.org\/{rel}","templated":true}]}}