{"id":16039,"date":"2025-05-27T19:30:17","date_gmt":"2025-05-27T19:30:17","guid":{"rendered":"https:\/\/ladepeche.mr\/?p=16039"},"modified":"2025-05-27T17:45:33","modified_gmt":"2025-05-27T17:45:33","slug":"le-bilan-a-gaza-depasse-les-54-000-morts-alors-que-la-guerre-genocidaire-disrael-approche-des-600-jours","status":"publish","type":"post","link":"https:\/\/ladepeche.mr\/?p=16039","title":{"rendered":"Le bilan \u00e0 Gaza d\u00e9passe les 54 000 morts alors que la guerre g\u00e9nocidaire d\u2019Isra\u00ebl approche des 600 jours"},"content":{"rendered":"<h2 class=\"ys-detail-content__spot\">Depuis le d\u00e9but de la guerre men\u00e9e par Isra\u00ebl en octobre 2023, au moins 54 056 Palestiniens ont perdu la vie, selon un communiqu\u00e9 publi\u00e9 mardi par le minist\u00e8re de la Sant\u00e9.<\/h2>\n<div class=\"embed-bottom-ad\"><\/div>\n<div class=\"ys-detail-content-area\">\n<p class=\"ys-paragraph-node align-justify\">Au cours des derni\u00e8res 24 heures, 79 corps ont \u00e9t\u00e9 transf\u00e9r\u00e9s dans les h\u00f4pitaux, tandis que 163 personnes ont \u00e9t\u00e9 bless\u00e9es, portant le total des bless\u00e9s \u00e0 123 129 depuis le d\u00e9but de l\u2019offensive isra\u00e9lienne, qui entrera mercredi dans son 600\u1d49 jour.<\/p>\n<p class=\"ys-paragraph-node align-justify\"><i class=\"ys-italic-node\"><span class=\"ys-text-node\">\u201cDe nombreuses victimes restent ensevelies sous les d\u00e9combres ou dans les rues, les \u00e9quipes de secours ne pouvant pas les atteindre\u201d<\/span><\/i><span class=\"ys-text-node\">, a pr\u00e9cis\u00e9 le minist\u00e8re.<\/span><\/p>\n<p class=\"ys-paragraph-node align-justify\">L\u2019arm\u00e9e isra\u00e9lienne a repris ses attaques contre la bande de Gaza le 18 mars, tuant 3 901 personnes et en blessant plus de 11 000, rompant ainsi un accord de cessez-le-feu et d\u2019\u00e9change de prisonniers conclu en janvier.<\/p>\n<p class=\"ys-paragraph-node align-justify\">En novembre dernier, la Cour p\u00e9nale internationale a \u00e9mis des mandats d\u2019arr\u00eat contre le Premier ministre isra\u00e9lien Benjamin Netanyahu et son ancien ministre de la D\u00e9fense Yoav Gallant pour crimes de guerre et crimes contre l\u2019humanit\u00e9 \u00e0 Gaza.<\/p>\n<div class=\"news-detail-ads\">\n<div class=\"embed-bottom-ad detail-page-advertisement__container\"><\/div>\n<\/div>\n<p class=\"ys-paragraph-node align-justify\">Par ailleurs, Isra\u00ebl est poursuivi devant la Cour internationale de Justice dans le cadre d\u2019une proc\u00e9dure pour g\u00e9nocide en lien avec ses op\u00e9rations militaires dans l\u2019enclave palestinienne.<\/p>\n<p><a href=\"https:\/\/www.yenisafak.com\/fr\/international\/le-bilan-a-gaza-depasse-les-54-000-morts-alors-que-la-guerre-genocidaire-disrael-approche-des-600-jours-43676\">Le bilan \u00e0 Gaza d\u00e9passe les 54 000 morts alors que la guerre g\u00e9nocidaire d\u2019Isra\u00ebl approche des 600 jours | International<\/a><\/p>\n<\/div>\n","protected":false},"excerpt":{"rendered":"<p>Depuis le d\u00e9but de la guerre men\u00e9e par Isra\u00ebl en octobre 2023, au moins 54 056 Palestiniens ont perdu la vie, selon un communiqu\u00e9 publi\u00e9 mardi par le minist\u00e8re de la Sant\u00e9. Au cours des derni\u00e8res 24 heures, 79 corps ont \u00e9t\u00e9 transf\u00e9r\u00e9s dans les h\u00f4pitaux, tandis que 163 personnes ont \u00e9t\u00e9 bless\u00e9es, portant le &hellip;<\/p>\n","protected":false},"author":2,"featured_media":16040,"comment_status":"open","ping_status":"open","sticky":false,"template":"","format":"standard","meta":{"footnotes":""},"categories":[18,29],"tags":[],"class_list":["post-16039","post","type-post","status-publish","format-standard","has-post-thumbnail","hentry","category-actualites","category-monde"],"_links":{"self":[{"href":"https:\/\/ladepeche.mr\/index.php?rest_route=\/wp\/v2\/posts\/16039","targetHints":{"allow":["GET"]}}],"collection":[{"href":"https:\/\/ladepeche.mr\/index.php?rest_route=\/wp\/v2\/posts"}],"about":[{"href":"https:\/\/ladepeche.mr\/index.php?rest_route=\/wp\/v2\/types\/post"}],"author":[{"embeddable":true,"href":"https:\/\/ladepeche.mr\/index.php?rest_route=\/wp\/v2\/users\/2"}],"replies":[{"embeddable":true,"href":"https:\/\/ladepeche.mr\/index.php?rest_route=%2Fwp%2Fv2%2Fcomments&post=16039"}],"version-history":[{"count":1,"href":"https:\/\/ladepeche.mr\/index.php?rest_route=\/wp\/v2\/posts\/16039\/revisions"}],"predecessor-version":[{"id":16041,"href":"https:\/\/ladepeche.mr\/index.php?rest_route=\/wp\/v2\/posts\/16039\/revisions\/16041"}],"wp:featuredmedia":[{"embeddable":true,"href":"https:\/\/ladepeche.mr\/index.php?rest_route=\/wp\/v2\/media\/16040"}],"wp:attachment":[{"href":"https:\/\/ladepeche.mr\/index.php?rest_route=%2Fwp%2Fv2%2Fmedia&parent=16039"}],"wp:term":[{"taxonomy":"category","embeddable":true,"href":"https:\/\/ladepeche.mr\/index.php?rest_route=%2Fwp%2Fv2%2Fcategories&post=16039"},{"taxonomy":"post_tag","embeddable":true,"href":"https:\/\/ladepeche.mr\/index.php?rest_route=%2Fwp%2Fv2%2Ftags&post=16039"}],"curies":[{"name":"wp","href":"https:\/\/api.w.org\/{rel}","templated":true}]}}