{"id":16042,"date":"2025-05-27T19:00:29","date_gmt":"2025-05-27T19:00:29","guid":{"rendered":"https:\/\/ladepeche.mr\/?p=16042"},"modified":"2025-05-27T18:43:19","modified_gmt":"2025-05-27T18:43:19","slug":"signature-daccords-pour-le-gaz-et-lelectricite-du-champ-banda","status":"publish","type":"post","link":"https:\/\/ladepeche.mr\/?p=16042","title":{"rendered":"Signature d\u2019accords pour le gaz et l\u2019\u00e9lectricit\u00e9 du champ Banda"},"content":{"rendered":"<p>Le consortium &#8220;<a class=\"sDWEFrcVubKuUVGggeBOYqLlgYgPbojOc \" tabindex=\"0\" href=\"https:\/\/www.linkedin.com\/company\/taqa-arabia\/\" target=\"_self\" data-test-app-aware-link=\"\">TAQA Arabia<\/a>\u2013 <a class=\"sDWEFrcVubKuUVGggeBOYqLlgYgPbojOc \" tabindex=\"0\" href=\"https:\/\/www.linkedin.com\/company\/go-gas-holding\/\" target=\"_self\" data-test-app-aware-link=\"\">Go Gas Holding<\/a>&#8221; et les soci\u00e9t\u00e9s mauritaniennes <a class=\"sDWEFrcVubKuUVGggeBOYqLlgYgPbojOc \" tabindex=\"0\" href=\"https:\/\/www.linkedin.com\/company\/snim-soci%C3%A9t%C3%A9-nationale-industrielle-et-mini%C3%A8re\/\" target=\"_self\" data-test-app-aware-link=\"\">SNIM (Soci\u00e9t\u00e9 nationale industrielle et mini\u00e8re)<\/a> et la Somelec (soci\u00e9t\u00e9 mauritanienne d&#8217;\u00e9lectricit\u00e9) ont sign\u00e9, aujourd\u2019hui \u00e0 Nouakchott, un accord portant sur la vente de gaz et d\u2019\u00e9lectricit\u00e9, dans le cadre du d\u00e9veloppement du champ Banda et Tevet.<\/p>\n<p>En avril 2024, le consortium a sign\u00e9 un contrat d&#8217;exploration-production avec le gouvernement mauritanien pour exploiter les champs gaziers de Banda et Tevet, estim\u00e9s \u00e0 2,2 TCF.<\/p>\n<p>Ce gaz alimentera une centrale duale de 180 MW et une nouvelle centrale de 120 MW, visant une capacit\u00e9 totale de production \u00e9lectrique de 300 MW.<\/p>\n<p>M.E<\/p>\n","protected":false},"excerpt":{"rendered":"<p>Le consortium &#8220;TAQA Arabia\u2013 Go Gas Holding&#8221; et les soci\u00e9t\u00e9s mauritaniennes SNIM (Soci\u00e9t\u00e9 nationale industrielle et mini\u00e8re) et la Somelec (soci\u00e9t\u00e9 mauritanienne d&#8217;\u00e9lectricit\u00e9) ont sign\u00e9, aujourd\u2019hui \u00e0 Nouakchott, un accord portant sur la vente de gaz et d\u2019\u00e9lectricit\u00e9, dans le cadre du d\u00e9veloppement du champ Banda et Tevet. En avril 2024, le consortium a sign\u00e9 &hellip;<\/p>\n","protected":false},"author":2,"featured_media":16043,"comment_status":"open","ping_status":"open","sticky":false,"template":"","format":"standard","meta":{"footnotes":""},"categories":[18,2],"tags":[],"class_list":["post-16042","post","type-post","status-publish","format-standard","has-post-thumbnail","hentry","category-actualites","category-economie"],"_links":{"self":[{"href":"https:\/\/ladepeche.mr\/index.php?rest_route=\/wp\/v2\/posts\/16042","targetHints":{"allow":["GET"]}}],"collection":[{"href":"https:\/\/ladepeche.mr\/index.php?rest_route=\/wp\/v2\/posts"}],"about":[{"href":"https:\/\/ladepeche.mr\/index.php?rest_route=\/wp\/v2\/types\/post"}],"author":[{"embeddable":true,"href":"https:\/\/ladepeche.mr\/index.php?rest_route=\/wp\/v2\/users\/2"}],"replies":[{"embeddable":true,"href":"https:\/\/ladepeche.mr\/index.php?rest_route=%2Fwp%2Fv2%2Fcomments&post=16042"}],"version-history":[{"count":2,"href":"https:\/\/ladepeche.mr\/index.php?rest_route=\/wp\/v2\/posts\/16042\/revisions"}],"predecessor-version":[{"id":16048,"href":"https:\/\/ladepeche.mr\/index.php?rest_route=\/wp\/v2\/posts\/16042\/revisions\/16048"}],"wp:featuredmedia":[{"embeddable":true,"href":"https:\/\/ladepeche.mr\/index.php?rest_route=\/wp\/v2\/media\/16043"}],"wp:attachment":[{"href":"https:\/\/ladepeche.mr\/index.php?rest_route=%2Fwp%2Fv2%2Fmedia&parent=16042"}],"wp:term":[{"taxonomy":"category","embeddable":true,"href":"https:\/\/ladepeche.mr\/index.php?rest_route=%2Fwp%2Fv2%2Fcategories&post=16042"},{"taxonomy":"post_tag","embeddable":true,"href":"https:\/\/ladepeche.mr\/index.php?rest_route=%2Fwp%2Fv2%2Ftags&post=16042"}],"curies":[{"name":"wp","href":"https:\/\/api.w.org\/{rel}","templated":true}]}}