{"id":16045,"date":"2025-05-27T21:00:53","date_gmt":"2025-05-27T21:00:53","guid":{"rendered":"https:\/\/ladepeche.mr\/?p=16045"},"modified":"2025-05-27T18:42:13","modified_gmt":"2025-05-27T18:42:13","slug":"developpement-du-marche-des-titres-publics-en-mauritanie","status":"publish","type":"post","link":"https:\/\/ladepeche.mr\/?p=16045","title":{"rendered":"D\u00e9veloppement du march\u00e9 des titres publics en Mauritanie"},"content":{"rendered":"<p>Dans le cadre de ses efforts pour d\u00e9velopper le march\u00e9 des titres publics, la Banque Centrale de Mauritanie a organis\u00e9, en partenariat avec le FMI, l\u2019AFRITAC de l\u2019Ouest et la Banque mondiale, un atelier de formation du 26 au 29 mai 2025 \u00e0 Nouakchott.<br \/>\nS\u2019inscrivant dans la dynamique de r\u00e9forme des march\u00e9s financiers entam\u00e9e par la BCM depuis plus de trois ans, cet atelier a rassembl\u00e9 les acteurs du secteur, notamment des repr\u00e9sentants du minist\u00e8re de l\u2019\u00c9conomie et des Finances, des banques primaires, des institutions publiques et de la Banque Centrale.<br \/>\nLa session d\u2019ouverture, de haut niveau, a \u00e9t\u00e9 marqu\u00e9e par la pr\u00e9sence des directeurs g\u00e9n\u00e9raux des banques, du minist\u00e8re de l\u2019\u00e9conomie et des finances, de la Banque Centrale et les repr\u00e9sentants du FMI et de la Banque Mondiale .<br \/>\nLes discussions ont permis de renforcer les connaissances sur les march\u00e9s primaire et secondaire et ont abord\u00e9 :<br \/>\n&#8211; L\u2019efficacit\u00e9 et la transparence dans les \u00e9missions<br \/>\n&#8211; Le r\u00f4le structurant du march\u00e9 secondaire<br \/>\n&#8211; Les responsabilit\u00e9s des investisseurs et des interm\u00e9diaires<br \/>\n&#8211; La n\u00e9cessit\u00e9 d\u2019un cadre r\u00e9glementaire adapt\u00e9<br \/>\nCet atelier refl\u00e8te l\u2019engagement commun \u00e0 construire un march\u00e9 des titres publics dynamique et r\u00e9silient au service de l\u2019\u00e9conomie nationale.<\/p>\n<p>Source BCM<\/p>\n","protected":false},"excerpt":{"rendered":"<p>Dans le cadre de ses efforts pour d\u00e9velopper le march\u00e9 des titres publics, la Banque Centrale de Mauritanie a organis\u00e9, en partenariat avec le FMI, l\u2019AFRITAC de l\u2019Ouest et la Banque mondiale, un atelier de formation du 26 au 29 mai 2025 \u00e0 Nouakchott. S\u2019inscrivant dans la dynamique de r\u00e9forme des march\u00e9s financiers entam\u00e9e par &hellip;<\/p>\n","protected":false},"author":2,"featured_media":16046,"comment_status":"open","ping_status":"open","sticky":false,"template":"","format":"standard","meta":{"footnotes":""},"categories":[18,2],"tags":[],"class_list":["post-16045","post","type-post","status-publish","format-standard","has-post-thumbnail","hentry","category-actualites","category-economie"],"_links":{"self":[{"href":"https:\/\/ladepeche.mr\/index.php?rest_route=\/wp\/v2\/posts\/16045","targetHints":{"allow":["GET"]}}],"collection":[{"href":"https:\/\/ladepeche.mr\/index.php?rest_route=\/wp\/v2\/posts"}],"about":[{"href":"https:\/\/ladepeche.mr\/index.php?rest_route=\/wp\/v2\/types\/post"}],"author":[{"embeddable":true,"href":"https:\/\/ladepeche.mr\/index.php?rest_route=\/wp\/v2\/users\/2"}],"replies":[{"embeddable":true,"href":"https:\/\/ladepeche.mr\/index.php?rest_route=%2Fwp%2Fv2%2Fcomments&post=16045"}],"version-history":[{"count":1,"href":"https:\/\/ladepeche.mr\/index.php?rest_route=\/wp\/v2\/posts\/16045\/revisions"}],"predecessor-version":[{"id":16047,"href":"https:\/\/ladepeche.mr\/index.php?rest_route=\/wp\/v2\/posts\/16045\/revisions\/16047"}],"wp:featuredmedia":[{"embeddable":true,"href":"https:\/\/ladepeche.mr\/index.php?rest_route=\/wp\/v2\/media\/16046"}],"wp:attachment":[{"href":"https:\/\/ladepeche.mr\/index.php?rest_route=%2Fwp%2Fv2%2Fmedia&parent=16045"}],"wp:term":[{"taxonomy":"category","embeddable":true,"href":"https:\/\/ladepeche.mr\/index.php?rest_route=%2Fwp%2Fv2%2Fcategories&post=16045"},{"taxonomy":"post_tag","embeddable":true,"href":"https:\/\/ladepeche.mr\/index.php?rest_route=%2Fwp%2Fv2%2Ftags&post=16045"}],"curies":[{"name":"wp","href":"https:\/\/api.w.org\/{rel}","templated":true}]}}