{"id":16051,"date":"2025-05-27T22:00:48","date_gmt":"2025-05-27T22:00:48","guid":{"rendered":"https:\/\/ladepeche.mr\/?p=16051"},"modified":"2025-05-27T20:51:46","modified_gmt":"2025-05-27T20:51:46","slug":"cooperation-le-secretaire-general-du-mef-sentretient-avec-une-delegation-espagnole","status":"publish","type":"post","link":"https:\/\/ladepeche.mr\/?p=16051","title":{"rendered":"Coop\u00e9ration: Le Secr\u00e9taire g\u00e9n\u00e9ral du MEF s\u2019entretient avec une d\u00e9l\u00e9gation espagnole"},"content":{"rendered":"<p>Dans une d\u00e9marche visant \u00e0 consolider les liens de coop\u00e9ration bilat\u00e9rale, le Secr\u00e9taire g\u00e9n\u00e9ral du Minist\u00e8re de l\u2019\u00c9conomie et des Finances de la Mauritanie, M. Yacoub Ould Ahmed Aicha, a re\u00e7u en audience, mardi matin, une d\u00e9l\u00e9gation repr\u00e9sentant l\u2019Agence Espagnole de Coop\u00e9ration Internationale pour le D\u00e9veloppement (AECID), conduite par Mme Cecilia Garcia Gazalla, directrice de la Coop\u00e9ration avec l\u2019Afrique, le Monde Arabe et l\u2019Asie au sein de l\u2019agence.<\/p>\n<p>La r\u00e9union a constitu\u00e9 une opportunit\u00e9 pour un examen et une \u00e9valuation approfondis des multiples aspects de la coop\u00e9ration existante entre notre pays et le Royaume d\u2019Espagne.<\/p>\n<p>Les discussions ont essentiellement port\u00e9 sur l\u2019exploration de m\u00e9canismes et de voies innovantes susceptibles de dynamiser et de renforcer ce partenariat, notamment dans les secteurs \u00e9conomiques et financiers strat\u00e9giques, en ad\u00e9quation avec les int\u00e9r\u00eats communs et en soutien aux efforts de d\u00e9veloppement durable des deux pays.<\/p>\n<p>La rencontre s\u2019est d\u00e9roul\u00e9e en pr\u00e9sence de M. Mahfoudh Mahmoud Brahim, directeur g\u00e9n\u00e9ral adjoint des Financements et de la Coop\u00e9ration \u00c9conomique au minist\u00e8re.<\/p>\n<p>Source MEF<\/p>\n<p>Titre LDM<\/p>\n","protected":false},"excerpt":{"rendered":"<p>Dans une d\u00e9marche visant \u00e0 consolider les liens de coop\u00e9ration bilat\u00e9rale, le Secr\u00e9taire g\u00e9n\u00e9ral du Minist\u00e8re de l\u2019\u00c9conomie et des Finances de la Mauritanie, M. Yacoub Ould Ahmed Aicha, a re\u00e7u en audience, mardi matin, une d\u00e9l\u00e9gation repr\u00e9sentant l\u2019Agence Espagnole de Coop\u00e9ration Internationale pour le D\u00e9veloppement (AECID), conduite par Mme Cecilia Garcia Gazalla, directrice de &hellip;<\/p>\n","protected":false},"author":2,"featured_media":16052,"comment_status":"open","ping_status":"open","sticky":false,"template":"","format":"standard","meta":{"footnotes":""},"categories":[18,2],"tags":[],"class_list":["post-16051","post","type-post","status-publish","format-standard","has-post-thumbnail","hentry","category-actualites","category-economie"],"_links":{"self":[{"href":"https:\/\/ladepeche.mr\/index.php?rest_route=\/wp\/v2\/posts\/16051","targetHints":{"allow":["GET"]}}],"collection":[{"href":"https:\/\/ladepeche.mr\/index.php?rest_route=\/wp\/v2\/posts"}],"about":[{"href":"https:\/\/ladepeche.mr\/index.php?rest_route=\/wp\/v2\/types\/post"}],"author":[{"embeddable":true,"href":"https:\/\/ladepeche.mr\/index.php?rest_route=\/wp\/v2\/users\/2"}],"replies":[{"embeddable":true,"href":"https:\/\/ladepeche.mr\/index.php?rest_route=%2Fwp%2Fv2%2Fcomments&post=16051"}],"version-history":[{"count":1,"href":"https:\/\/ladepeche.mr\/index.php?rest_route=\/wp\/v2\/posts\/16051\/revisions"}],"predecessor-version":[{"id":16053,"href":"https:\/\/ladepeche.mr\/index.php?rest_route=\/wp\/v2\/posts\/16051\/revisions\/16053"}],"wp:featuredmedia":[{"embeddable":true,"href":"https:\/\/ladepeche.mr\/index.php?rest_route=\/wp\/v2\/media\/16052"}],"wp:attachment":[{"href":"https:\/\/ladepeche.mr\/index.php?rest_route=%2Fwp%2Fv2%2Fmedia&parent=16051"}],"wp:term":[{"taxonomy":"category","embeddable":true,"href":"https:\/\/ladepeche.mr\/index.php?rest_route=%2Fwp%2Fv2%2Fcategories&post=16051"},{"taxonomy":"post_tag","embeddable":true,"href":"https:\/\/ladepeche.mr\/index.php?rest_route=%2Fwp%2Fv2%2Ftags&post=16051"}],"curies":[{"name":"wp","href":"https:\/\/api.w.org\/{rel}","templated":true}]}}