{"id":1606,"date":"2022-08-27T13:32:26","date_gmt":"2022-08-27T13:32:26","guid":{"rendered":"https:\/\/ladepeche.mr\/?p=1606"},"modified":"2022-08-27T13:38:51","modified_gmt":"2022-08-27T13:38:51","slug":"affaire-de-lavocat-arrete-a-aioun-lona-denonce-un-acte-arbitraire-et-une-arrogance-dans-la-maniere","status":"publish","type":"post","link":"https:\/\/ladepeche.mr\/?p=1606","title":{"rendered":"Arrestation d&#8217;un avocat \u00e0 Aioun\u00a0: L\u2019ONA d\u00e9nonce un acte arbitraire et une &#8220;arrogance&#8221; dans la mani\u00e8re"},"content":{"rendered":"<p>L\u2019Ordre national des avocats (Ona) a d\u00e9nonc\u00e9 vendredi, dans un communiqu\u00e9, l\u2019arrestation par des \u00e9l\u00e9ments de la gendarmerie nationale de l\u2019avocat, Mouammar Ould Mohamed Salem,<\/p>\n<p>L&#8217;Association nationale des avocats a encore d\u00e9plor\u00e9 la mani\u00e8re \u00ab\u00a0arrogante\u00a0\u00bb de l\u2019arrestation de l\u2019avocat indiquant le conseil de l\u2019Ona s&#8217;est r\u00e9uni et a entam\u00e9 des proc\u00e9dures et pris des d\u00e9cisions qu\u2019il rendra publiques samedi.<\/p>\n<p>Le minist\u00e8re public a indiqu\u00e9 dans un communiqu\u00e9 publi\u00e9 jeudi que l\u2019avocat \u00e9tait entendue dans une enqu\u00eate a port\u00e9 plainte contre lui pour sa d\u00e9claration \u00ab\u00a0selon laquelle un suspect de meurtre aurait remis une importante somme d\u2019argent \u00e0 un officier de police judiciaire en \u00e9change de sa protection, la Direction g\u00e9n\u00e9rale de la S\u00fbret\u00e9 Nationale (DGSN)\u00a0\u00bb.<\/p>\n","protected":false},"excerpt":{"rendered":"<p>L\u2019Ordre national des avocats (Ona) a d\u00e9nonc\u00e9 vendredi, dans un communiqu\u00e9, l\u2019arrestation par des \u00e9l\u00e9ments de la gendarmerie nationale de l\u2019avocat, Mouammar Ould Mohamed Salem, L&#8217;Association nationale des avocats a encore d\u00e9plor\u00e9 la mani\u00e8re \u00ab\u00a0arrogante\u00a0\u00bb de l\u2019arrestation de l\u2019avocat indiquant le conseil de l\u2019Ona s&#8217;est r\u00e9uni et a entam\u00e9 des proc\u00e9dures et pris des d\u00e9cisions &hellip;<\/p>\n","protected":false},"author":2,"featured_media":1607,"comment_status":"open","ping_status":"open","sticky":false,"template":"","format":"standard","meta":{"footnotes":""},"categories":[18],"tags":[],"class_list":["post-1606","post","type-post","status-publish","format-standard","has-post-thumbnail","hentry","category-actualites"],"_links":{"self":[{"href":"https:\/\/ladepeche.mr\/index.php?rest_route=\/wp\/v2\/posts\/1606","targetHints":{"allow":["GET"]}}],"collection":[{"href":"https:\/\/ladepeche.mr\/index.php?rest_route=\/wp\/v2\/posts"}],"about":[{"href":"https:\/\/ladepeche.mr\/index.php?rest_route=\/wp\/v2\/types\/post"}],"author":[{"embeddable":true,"href":"https:\/\/ladepeche.mr\/index.php?rest_route=\/wp\/v2\/users\/2"}],"replies":[{"embeddable":true,"href":"https:\/\/ladepeche.mr\/index.php?rest_route=%2Fwp%2Fv2%2Fcomments&post=1606"}],"version-history":[{"count":2,"href":"https:\/\/ladepeche.mr\/index.php?rest_route=\/wp\/v2\/posts\/1606\/revisions"}],"predecessor-version":[{"id":1609,"href":"https:\/\/ladepeche.mr\/index.php?rest_route=\/wp\/v2\/posts\/1606\/revisions\/1609"}],"wp:featuredmedia":[{"embeddable":true,"href":"https:\/\/ladepeche.mr\/index.php?rest_route=\/wp\/v2\/media\/1607"}],"wp:attachment":[{"href":"https:\/\/ladepeche.mr\/index.php?rest_route=%2Fwp%2Fv2%2Fmedia&parent=1606"}],"wp:term":[{"taxonomy":"category","embeddable":true,"href":"https:\/\/ladepeche.mr\/index.php?rest_route=%2Fwp%2Fv2%2Fcategories&post=1606"},{"taxonomy":"post_tag","embeddable":true,"href":"https:\/\/ladepeche.mr\/index.php?rest_route=%2Fwp%2Fv2%2Ftags&post=1606"}],"curies":[{"name":"wp","href":"https:\/\/api.w.org\/{rel}","templated":true}]}}