{"id":16060,"date":"2025-05-28T10:30:22","date_gmt":"2025-05-28T10:30:22","guid":{"rendered":"https:\/\/ladepeche.mr\/?p=16060"},"modified":"2025-05-28T09:58:49","modified_gmt":"2025-05-28T09:58:49","slug":"la-conference-internationale-de-nouakchott-sur-lintelligence-artificielle-sacheve-et-souligne-limportance-de-lutilisation-de-la-technologie-dans-le-developpement-du","status":"publish","type":"post","link":"https:\/\/ladepeche.mr\/?p=16060","title":{"rendered":"La conf\u00e9rence internationale de Nouakchott sur l\u2019intelligence artificielle s\u2019ach\u00e8ve et souligne l\u2019importance de l\u2019utilisation de la technologie dans le d\u00e9veloppement durable"},"content":{"rendered":"<article id=\"post-272106\" class=\"post-272106 post type-post status-publish format-standard has-post-thumbnail  category-a-la-une category-fil-dactualite category-mauritanie single-post-content has-thumbnail\">\n<div class=\"entry-content clearfix single-post-content\">\n<div class=\"cell auto-size\">\n<div class=\"set-border bd-gray padding10 margin10 no-margin-right no-margin-left \" dir=\"ltr\">\n<p>La conf\u00e9rence internationale sur l\u2019intelligence artificielle, organis\u00e9e par le minist\u00e8re de l\u2019enseignement sup\u00e9rieur et de la recherche scientifique, en collaboration avec les minist\u00e8res de l\u2019\u00e9ducation nationale et de la r\u00e9forme du syst\u00e8me d\u2019enseignement, de la transformation num\u00e9rique et de la modernisation de l\u2019administration, de la p\u00eache et des infrastructures maritimes et portuaires, et en partenariat strat\u00e9gique avec l\u2019acad\u00e9mie arabe des sciences, de la technologie et du transport maritime, l\u2019organisation arabe pour l\u2019\u00e9ducation, la culture et les sciences (ALECSO), et l\u2019union des conseils arabes de la recherche scientifique, s\u2019est achev\u00e9e mardi soir \u00e0 Nouakchott.<\/p>\n<p>Cette conf\u00e9rence de deux jours vise \u00e0 promouvoir la prise de conscience de l\u2019importance de l\u2019IA et de ses diverses applications, \u00e0 fournir une plateforme scientifique pour l\u2019\u00e9change de connaissances entre les chercheurs et les experts, \u00e0 encourager la coop\u00e9ration entre les secteurs public et priv\u00e9 dans le d\u00e9veloppement et l\u2019application des technologies de l\u2019IA, et \u00e0 discuter des dimensions juridiques et \u00e9thiques associ\u00e9es \u00e0 l\u2019utilisation de cette technologie.<\/p>\n<p>La conf\u00e9rence a abord\u00e9 plusieurs th\u00e8mes principaux, notamment l\u2019utilisation de l\u2019IA dans l\u2019\u00e9conomie num\u00e9rique, l\u2019IA g\u00e9n\u00e9rative, l\u2019enseignement sup\u00e9rieur et la recherche scientifique, l\u2019investissement et les entreprises.<\/p>\n<p>La conf\u00e9rence a \u00e9galement pr\u00e9sent\u00e9 la strat\u00e9gie nationale pour l\u2019intelligence artificielle et a organis\u00e9 une table ronde r\u00e9unissant un groupe d\u2019universitaires et d\u2019experts.<\/p>\n<p>La c\u00e9r\u00e9monie de cl\u00f4ture a \u00e9t\u00e9 pr\u00e9sid\u00e9e au nom du ministre de l\u2019enseignement sup\u00e9rieur et de la recherche scientifique par le secr\u00e9taire g\u00e9n\u00e9ral du minist\u00e8re, M. Enoueye Cheikh Abdi, qui a salu\u00e9, dans son allocution, les efforts d\u00e9ploy\u00e9s et les profondes r\u00e9flexions scientifiques men\u00e9es lors de la conf\u00e9rence, soulignant que les conclusions et recommandations des participants seront prises en consid\u00e9ration dans les politiques sectorielles, conform\u00e9ment \u00e0 la vision de S.E. le Pr\u00e9sident de la R\u00e9publique M. Mohamed Ould Cheikh El Ghazouani de faire de la Mauritanie une plateforme num\u00e9rique r\u00e9gionale de premier plan.<\/p>\n<p>Il a soulign\u00e9 que le gouvernement, dirig\u00e9 par S.E le Premier Ministre El Moctar Ould Djay, s\u2019emploie \u00e0 traduire cette approche en programmes et strat\u00e9gies concrets, notamment dans le domaine de l\u2019enseignement sup\u00e9rieur et de la recherche scientifique, qui cherche \u00e0 s\u2019adapter \u00e0 la rapidit\u00e9 de la r\u00e9volution num\u00e9rique.<\/p>\n<p>La cl\u00f4ture a \u00e9t\u00e9 couronn\u00e9e par la remise des prix aux meilleurs \u00e9tudiants du concours scientifique organis\u00e9 en marge de la conf\u00e9rence, ainsi que par la pr\u00e9sentation du rapport final, qui souligne l\u2019importance de l\u2019int\u00e9gration de l\u2019IA dans des secteurs vitaux, tels que la p\u00eache, la protection de l\u2019environnement marin, l\u2019agriculture, la sant\u00e9, l\u2019\u00e9ducation, l\u2019environnement et le d\u00e9veloppement durable.<\/p>\n<p>La c\u00e9r\u00e9monie s\u2019est d\u00e9roul\u00e9e en pr\u00e9sence de plusieurs secr\u00e9taires g\u00e9n\u00e9raux des minist\u00e8res concern\u00e9s, du secr\u00e9taire d\u2019\u00c9tat \u00e0 l\u2019enseignement sup\u00e9rieur et \u00e0 la recherche scientifique de la R\u00e9publique de Guin\u00e9e-Bissau, de responsables d\u2019\u00e9tablissements d\u2019enseignement sup\u00e9rieur et d\u2019un groupe d\u2019universitaires et d\u2019experts nationaux et internationaux.<\/p>\n<\/div>\n<\/div>\n<div class=\"heateorSssClear\">Ami<\/div>\n<\/div>\n<\/article>\n","protected":false},"excerpt":{"rendered":"<p>La conf\u00e9rence internationale sur l\u2019intelligence artificielle, organis\u00e9e par le minist\u00e8re de l\u2019enseignement sup\u00e9rieur et de la recherche scientifique, en collaboration avec les minist\u00e8res de l\u2019\u00e9ducation nationale et de la r\u00e9forme du syst\u00e8me d\u2019enseignement, de la transformation num\u00e9rique et de la modernisation de l\u2019administration, de la p\u00eache et des infrastructures maritimes et portuaires, et en partenariat &hellip;<\/p>\n","protected":false},"author":2,"featured_media":16061,"comment_status":"open","ping_status":"open","sticky":false,"template":"","format":"standard","meta":{"footnotes":""},"categories":[18,2],"tags":[],"class_list":["post-16060","post","type-post","status-publish","format-standard","has-post-thumbnail","hentry","category-actualites","category-economie"],"_links":{"self":[{"href":"https:\/\/ladepeche.mr\/index.php?rest_route=\/wp\/v2\/posts\/16060","targetHints":{"allow":["GET"]}}],"collection":[{"href":"https:\/\/ladepeche.mr\/index.php?rest_route=\/wp\/v2\/posts"}],"about":[{"href":"https:\/\/ladepeche.mr\/index.php?rest_route=\/wp\/v2\/types\/post"}],"author":[{"embeddable":true,"href":"https:\/\/ladepeche.mr\/index.php?rest_route=\/wp\/v2\/users\/2"}],"replies":[{"embeddable":true,"href":"https:\/\/ladepeche.mr\/index.php?rest_route=%2Fwp%2Fv2%2Fcomments&post=16060"}],"version-history":[{"count":1,"href":"https:\/\/ladepeche.mr\/index.php?rest_route=\/wp\/v2\/posts\/16060\/revisions"}],"predecessor-version":[{"id":16062,"href":"https:\/\/ladepeche.mr\/index.php?rest_route=\/wp\/v2\/posts\/16060\/revisions\/16062"}],"wp:featuredmedia":[{"embeddable":true,"href":"https:\/\/ladepeche.mr\/index.php?rest_route=\/wp\/v2\/media\/16061"}],"wp:attachment":[{"href":"https:\/\/ladepeche.mr\/index.php?rest_route=%2Fwp%2Fv2%2Fmedia&parent=16060"}],"wp:term":[{"taxonomy":"category","embeddable":true,"href":"https:\/\/ladepeche.mr\/index.php?rest_route=%2Fwp%2Fv2%2Fcategories&post=16060"},{"taxonomy":"post_tag","embeddable":true,"href":"https:\/\/ladepeche.mr\/index.php?rest_route=%2Fwp%2Fv2%2Ftags&post=16060"}],"curies":[{"name":"wp","href":"https:\/\/api.w.org\/{rel}","templated":true}]}}