{"id":16063,"date":"2025-05-28T10:03:33","date_gmt":"2025-05-28T10:03:33","guid":{"rendered":"https:\/\/ladepeche.mr\/?p=16063"},"modified":"2025-05-28T10:03:33","modified_gmt":"2025-05-28T10:03:33","slug":"commission-nationale-dobservation-du-croissant-lunaire-le-premier-jour-de-dhu-al-hijjah-sera-jeudi-prochain","status":"publish","type":"post","link":"https:\/\/ladepeche.mr\/?p=16063","title":{"rendered":"Commission nationale d\u2019Observation du Croissant lunaire : Le premier jour de Dhu al-Hijjah sera jeudi prochain"},"content":{"rendered":"<p>Le Commission nationale d\u2019observation du croissant lunaire a annonc\u00e9 que le premier jour de Dhu al-Hijjah 1446 de l\u2019h\u00e9gire sera le jeudi 29 mai 2025, apr\u00e8s que le croissant de lune n\u2019ait pas pu \u00eatre vu mardi soir dans les diff\u00e9rentes wilayas du pays.<\/p>\n<p>La d\u00e9claration de la commission publi\u00e9e \u00e0 l\u2019issue de sa r\u00e9union de mardi soir au minist\u00e8re des affaires islamiques et de l\u2019enseignement originel indique :<\/p>\n<p>\u00ab La commission nationale s\u2019est r\u00e9unie mardi soir 29 dhu al-Qa\u2019dah 1446 de l\u2019h\u00e9gire, correspondant au 27 mai 2025, pour observer le croissant du mois de dhu al-Hijjah, et apr\u00e8s avoir men\u00e9 les enqu\u00eates n\u00e9cessaires et pris contact avec les sous-commissions, la commission n\u2019a pas prouv\u00e9 que le croissant avait \u00e9t\u00e9 aper\u00e7u.<\/p>\n<p>En cons\u00e9quence, il a \u00e9t\u00e9 d\u00e9cid\u00e9 que le jeudi 29 mai sera le premier jour du mois de Dhou al-Hijjah et que la pri\u00e8re de l\u2019A\u00efd al-Adha aura lieu le samedi 7 juin 2025 \u00e0 9h00 \u00e0 la Mosqu\u00e9e Ibn Abbas de Nouakchott.\u201d<\/p>\n<p>La Commission a saisi cette occasion pour adresser ses plus chaleureuses f\u00e9licitations et meilleurs v\u0153ux \u00e0 la Oummah islamique, \u00e0 ses dirigeants et \u00e0 son peuple, en lui souhaitant prosp\u00e9rit\u00e9 et stabilit\u00e9.<\/p>\n<p>Ami<\/p>\n","protected":false},"excerpt":{"rendered":"<p>Le Commission nationale d\u2019observation du croissant lunaire a annonc\u00e9 que le premier jour de Dhu al-Hijjah 1446 de l\u2019h\u00e9gire sera le jeudi 29 mai 2025, apr\u00e8s que le croissant de lune n\u2019ait pas pu \u00eatre vu mardi soir dans les diff\u00e9rentes wilayas du pays. La d\u00e9claration de la commission publi\u00e9e \u00e0 l\u2019issue de sa r\u00e9union &hellip;<\/p>\n","protected":false},"author":2,"featured_media":16064,"comment_status":"open","ping_status":"open","sticky":false,"template":"","format":"standard","meta":{"footnotes":""},"categories":[18],"tags":[],"class_list":["post-16063","post","type-post","status-publish","format-standard","has-post-thumbnail","hentry","category-actualites"],"_links":{"self":[{"href":"https:\/\/ladepeche.mr\/index.php?rest_route=\/wp\/v2\/posts\/16063","targetHints":{"allow":["GET"]}}],"collection":[{"href":"https:\/\/ladepeche.mr\/index.php?rest_route=\/wp\/v2\/posts"}],"about":[{"href":"https:\/\/ladepeche.mr\/index.php?rest_route=\/wp\/v2\/types\/post"}],"author":[{"embeddable":true,"href":"https:\/\/ladepeche.mr\/index.php?rest_route=\/wp\/v2\/users\/2"}],"replies":[{"embeddable":true,"href":"https:\/\/ladepeche.mr\/index.php?rest_route=%2Fwp%2Fv2%2Fcomments&post=16063"}],"version-history":[{"count":1,"href":"https:\/\/ladepeche.mr\/index.php?rest_route=\/wp\/v2\/posts\/16063\/revisions"}],"predecessor-version":[{"id":16065,"href":"https:\/\/ladepeche.mr\/index.php?rest_route=\/wp\/v2\/posts\/16063\/revisions\/16065"}],"wp:featuredmedia":[{"embeddable":true,"href":"https:\/\/ladepeche.mr\/index.php?rest_route=\/wp\/v2\/media\/16064"}],"wp:attachment":[{"href":"https:\/\/ladepeche.mr\/index.php?rest_route=%2Fwp%2Fv2%2Fmedia&parent=16063"}],"wp:term":[{"taxonomy":"category","embeddable":true,"href":"https:\/\/ladepeche.mr\/index.php?rest_route=%2Fwp%2Fv2%2Fcategories&post=16063"},{"taxonomy":"post_tag","embeddable":true,"href":"https:\/\/ladepeche.mr\/index.php?rest_route=%2Fwp%2Fv2%2Ftags&post=16063"}],"curies":[{"name":"wp","href":"https:\/\/api.w.org\/{rel}","templated":true}]}}