{"id":16069,"date":"2025-05-28T18:30:24","date_gmt":"2025-05-28T18:30:24","guid":{"rendered":"https:\/\/ladepeche.mr\/?p=16069"},"modified":"2025-05-28T18:30:24","modified_gmt":"2025-05-28T18:30:24","slug":"rafah-chaos-et-controverses-autour-du-nouveau-centre-daide-humanitaire-de-la-ghf","status":"publish","type":"post","link":"https:\/\/ladepeche.mr\/?p=16069","title":{"rendered":"Rafah : chaos et controverses autour du nouveau centre d\u2019aide humanitaire de la GHF"},"content":{"rendered":"<p data-t=\"{&quot;n&quot;:&quot;blueLinks&quot;,&quot;t&quot;:13,&quot;a&quot;:&quot;click&quot;,&quot;b&quot;:76}\"><strong>\u00c0 Rafah, dans le sud de la bande de Gaza, une sc\u00e8ne de chaos s\u2019est produite mardi au deuxi\u00e8me jour de distribution d\u2019aide par la Fondation humanitaire de Gaza (GHF), un groupe r\u00e9cemment cr\u00e9\u00e9 et soutenu par les \u00c9tats-Unis.<\/strong><\/p>\n<p data-t=\"{&quot;n&quot;:&quot;blueLinks&quot;,&quot;t&quot;:13,&quot;a&quot;:&quot;click&quot;,&quot;b&quot;:76}\">Des milliers de Palestiniens, pouss\u00e9s par la faim apr\u00e8s pr\u00e8s de trois mois de blocus isra\u00e9lien, ont afflu\u00e9 en masse vers le centre de distribution, brisant les cl\u00f4tures dans une tentative d\u00e9sesp\u00e9r\u00e9e d\u2019obtenir des denr\u00e9es de base. L\u2019arm\u00e9e isra\u00e9lienne, pr\u00e9sente \u00e0 proximit\u00e9, a tir\u00e9 des coups de semonce, appuy\u00e9s par des tirs de chars et des fus\u00e9es \u00e9clairantes. Au moins trois personnes ont \u00e9t\u00e9 bless\u00e9es.<\/p>\n<p data-t=\"{&quot;n&quot;:&quot;blueLinks&quot;,&quot;t&quot;:13,&quot;a&quot;:&quot;click&quot;,&quot;b&quot;:76}\">Cr\u00e9\u00e9e en f\u00e9vrier et enregistr\u00e9e \u00e0 Gen\u00e8ve, la GHF ne dispose d\u2019aucun bureau connu dans la ville ni de repr\u00e9sentant identifi\u00e9, ce qui alimente les soup\u00e7ons quant \u00e0 son opacit\u00e9. Son ancien directeur ex\u00e9cutif, Jake Wood, a d\u00e9missionn\u00e9 dimanche, d\u00e9clarant qu\u2019il lui \u00e9tait impossible d\u2019op\u00e9rer dans le respect des principes humanitaires fondamentaux que sont la neutralit\u00e9 et l\u2019ind\u00e9pendance.<\/p>\n<p class=\"continue-read-break\" data-t=\"{&quot;n&quot;:&quot;blueLinks&quot;,&quot;t&quot;:13,&quot;a&quot;:&quot;click&quot;,&quot;b&quot;:76}\">La Fondation est accus\u00e9e par plusieurs acteurs humanitaires, y compris les Nations unies, de contourner les institutions internationales et d\u2019exclure les organisations palestiniennes dans sa gestion de l\u2019aide. Le Hamas a qualifi\u00e9 l\u2019&#8221;invasion&#8221; du centre par des milliers d\u2019affam\u00e9s d\u2019\u00e9chec cuisant de la strat\u00e9gie isra\u00e9lienne visant \u00e0 g\u00e9rer unilat\u00e9ralement l\u2019aide humanitaire. L\u2019ONU, de son c\u00f4t\u00e9, a indiqu\u00e9 ne pas avoir \u00e9t\u00e9 inform\u00e9e de livraisons d\u2019aide concr\u00e8tes via la GHF.<\/p>\n<p data-t=\"{&quot;n&quot;:&quot;blueLinks&quot;,&quot;t&quot;:13,&quot;a&quot;:&quot;click&quot;,&quot;b&quot;:76}\">Critiqu\u00e9e pour avoir impos\u00e9 des lieux fixes de distribution situ\u00e9s \u00e0 proximit\u00e9 de positions militaires isra\u00e9liennes, notamment dans le corridor de Morag, la GHF oblige des centaines de milliers de d\u00e9plac\u00e9s \u00e0 parcourir plusieurs kilom\u00e8tres, au p\u00e9ril de leur vie. Cette pratique, selon de nombreuses ONG, va \u00e0 l\u2019encontre des usages humanitaires qui privil\u00e9gient des distributions au plus pr\u00e8s des populations vuln\u00e9rables. Des voix s\u2019\u00e9l\u00e8vent pour d\u00e9noncer une instrumentalisation de l\u2019aide comme couverture d\u2019une strat\u00e9gie militaire.<\/p>\n<p data-t=\"{&quot;n&quot;:&quot;blueLinks&quot;,&quot;t&quot;:13,&quot;a&quot;:&quot;click&quot;,&quot;b&quot;:76}\">Alors que la majorit\u00e9 des Palestiniens repartent les mains vides, la GHF affirme avoir temporairement \u00e9vacu\u00e9 ses \u00e9quipes pour &#8220;\u00e9viter des pertes humaines&#8221;, avant de reprendre les op\u00e9rations. Un porte-parole du groupe a ni\u00e9 tout usage de la force depuis ses installations. Toutefois, la m\u00e9fiance grandit autour de cette structure controvers\u00e9e, rejet\u00e9e par l\u2019ONU. Un groupe d&#8217;ONG internationales, dont ActionAid, soulignent qu\u2019&#8221;une aide utilis\u00e9e pour masquer une violence continue n\u2019est pas une aide, mais une strat\u00e9gie de contr\u00f4le sous couvert humanitaire.&#8221;<\/p>\n","protected":false},"excerpt":{"rendered":"<p>\u00c0 Rafah, dans le sud de la bande de Gaza, une sc\u00e8ne de chaos s\u2019est produite mardi au deuxi\u00e8me jour de distribution d\u2019aide par la Fondation humanitaire de Gaza (GHF), un groupe r\u00e9cemment cr\u00e9\u00e9 et soutenu par les \u00c9tats-Unis. Des milliers de Palestiniens, pouss\u00e9s par la faim apr\u00e8s pr\u00e8s de trois mois de blocus isra\u00e9lien, &hellip;<\/p>\n","protected":false},"author":2,"featured_media":16070,"comment_status":"open","ping_status":"open","sticky":false,"template":"","format":"standard","meta":{"footnotes":""},"categories":[18,29],"tags":[],"class_list":["post-16069","post","type-post","status-publish","format-standard","has-post-thumbnail","hentry","category-actualites","category-monde"],"_links":{"self":[{"href":"https:\/\/ladepeche.mr\/index.php?rest_route=\/wp\/v2\/posts\/16069","targetHints":{"allow":["GET"]}}],"collection":[{"href":"https:\/\/ladepeche.mr\/index.php?rest_route=\/wp\/v2\/posts"}],"about":[{"href":"https:\/\/ladepeche.mr\/index.php?rest_route=\/wp\/v2\/types\/post"}],"author":[{"embeddable":true,"href":"https:\/\/ladepeche.mr\/index.php?rest_route=\/wp\/v2\/users\/2"}],"replies":[{"embeddable":true,"href":"https:\/\/ladepeche.mr\/index.php?rest_route=%2Fwp%2Fv2%2Fcomments&post=16069"}],"version-history":[{"count":1,"href":"https:\/\/ladepeche.mr\/index.php?rest_route=\/wp\/v2\/posts\/16069\/revisions"}],"predecessor-version":[{"id":16071,"href":"https:\/\/ladepeche.mr\/index.php?rest_route=\/wp\/v2\/posts\/16069\/revisions\/16071"}],"wp:featuredmedia":[{"embeddable":true,"href":"https:\/\/ladepeche.mr\/index.php?rest_route=\/wp\/v2\/media\/16070"}],"wp:attachment":[{"href":"https:\/\/ladepeche.mr\/index.php?rest_route=%2Fwp%2Fv2%2Fmedia&parent=16069"}],"wp:term":[{"taxonomy":"category","embeddable":true,"href":"https:\/\/ladepeche.mr\/index.php?rest_route=%2Fwp%2Fv2%2Fcategories&post=16069"},{"taxonomy":"post_tag","embeddable":true,"href":"https:\/\/ladepeche.mr\/index.php?rest_route=%2Fwp%2Fv2%2Ftags&post=16069"}],"curies":[{"name":"wp","href":"https:\/\/api.w.org\/{rel}","templated":true}]}}