{"id":16072,"date":"2025-05-28T19:00:47","date_gmt":"2025-05-28T19:00:47","guid":{"rendered":"https:\/\/ladepeche.mr\/?p=16072"},"modified":"2025-05-28T18:37:27","modified_gmt":"2025-05-28T18:37:27","slug":"le-president-de-la-republique-recoit-le-rapport-annuel-de-la-hapa","status":"publish","type":"post","link":"https:\/\/ladepeche.mr\/?p=16072","title":{"rendered":"Le Pr\u00e9sident de la R\u00e9publique re\u00e7oit le rapport annuel de la HAPA"},"content":{"rendered":"<p>Le Pr\u00e9sident de la R\u00e9publique, Son Excellence Monsieur Mohamed Ould Cheikh El Ghazouani, a re\u00e7u, ce mercredi matin au Palais pr\u00e9sidentiel \u00e0 Nouakchott, le rapport annuel de la Haute Autorit\u00e9 de la Presse et de l\u2019Audiovisuel (HAPA).<\/p>\n<p>C\u2019\u00e9tait au cours d\u2019une audience que le Pr\u00e9sident de la R\u00e9publique a accord\u00e9 au pr\u00e9sident de la haute autorit\u00e9 de la presse et de l\u2019audiovisuel (HAPA), M. Mohamed Abdallahi Lehbib,<\/p>\n<p><img loading=\"lazy\" decoding=\"async\" class=\"wp-image-272169 alignleft b-loaded\" src=\"https:\/\/ami.mr\/fr\/wp-content\/uploads\/2025\/05\/%D8%AA%D8%B5%D8%B1%D9%8A%D8%AD-%D8%A7%D9%84%D9%87%D8%A7%D8%A8%D8%A7-300x171.jpg\" sizes=\"auto, (max-width: 284px) 100vw, 284px\" srcset=\"https:\/\/ami.mr\/fr\/wp-content\/uploads\/2025\/05\/\u062a\u0635\u0631\u064a\u062d-\u0627\u0644\u0647\u0627\u0628\u0627-300x171.jpg 300w, https:\/\/ami.mr\/fr\/wp-content\/uploads\/2025\/05\/\u062a\u0635\u0631\u064a\u062d-\u0627\u0644\u0647\u0627\u0628\u0627-1024x582.jpg 1024w, https:\/\/ami.mr\/fr\/wp-content\/uploads\/2025\/05\/\u062a\u0635\u0631\u064a\u062d-\u0627\u0644\u0647\u0627\u0628\u0627-768x437.jpg 768w, https:\/\/ami.mr\/fr\/wp-content\/uploads\/2025\/05\/\u062a\u0635\u0631\u064a\u062d-\u0627\u0644\u0647\u0627\u0628\u0627-1536x874.jpg 1536w, https:\/\/ami.mr\/fr\/wp-content\/uploads\/2025\/05\/\u062a\u0635\u0631\u064a\u062d-\u0627\u0644\u0647\u0627\u0628\u0627-2048x1165.jpg 2048w, https:\/\/ami.mr\/fr\/wp-content\/uploads\/2025\/05\/\u062a\u0635\u0631\u064a\u062d-\u0627\u0644\u0647\u0627\u0628\u0627-750x430.jpg 750w\" alt=\"\" width=\"284\" height=\"162\" \/>A sa sortie d\u2019audience, le pr\u00e9sident de la HAPA fait la d\u00e9claration suivante \u00e0 l\u2019AMI \u201cJ\u2019ai eu l\u2019honneur d\u2019\u00eatre re\u00e7u aujourd\u2019hui par Son Excellence le Pr\u00e9sident de la R\u00e9publique, Monsieur Mohamed Ould Cheikh El Ghazouani \u00e0 qui j\u2019ai remis le rapport annuel de la Haute Autorit\u00e9 de la Presse et de l\u2019Audiovisuel qui comprend le bilan d\u2019une ann\u00e9e de travail, ainsi qu\u2019une \u00e9valuation globale de la r\u00e9alit\u00e9 m\u00e9diatique nationale dans toutes ses composantes : audiovisuelle, publique, priv\u00e9e, num\u00e9rique, \u00e9crite et sociale.<\/p>\n<p>Le rapport comprend \u00e9galement des conclusions et des recommandations qui pourraient constituer un programme d\u2019action pour r\u00e9former le secteur, conform\u00e9ment \u00e0 la vision de Son Excellence le Pr\u00e9sident de la R\u00e9publique.<\/p>\n<p>J\u2019ai re\u00e7u des instructions claires de Son Excellence le Pr\u00e9sident de la R\u00e9publique pour appliquer les textes juridiques de mani\u00e8re \u00e9quilibr\u00e9e, rigoureuse et flexible, dans le respect absolu des libert\u00e9s des m\u00e9dias et en faveur d\u2019une libert\u00e9 de la presse s\u00e9rieuse en tout lieu.<\/p>\n<p>J\u2019ai re\u00e7u des instructions claires de Son Excellence le Pr\u00e9sident pour appliquer les textes juridiques avec \u00e9quilibre, rigueur et flexibilit\u00e9, dans le respect absolu des libert\u00e9s des m\u00e9dias et en faveur d\u2019une libert\u00e9 de la presse s\u00e9rieuse.<\/p>\n<p>Je saisis cette occasion pour adresser mes sinc\u00e8res remerciements \u00e0 Son Excellence le Pr\u00e9sident de la R\u00e9publique, Monsieur Mohamed Ould Cheikh El Ghazouani, en appr\u00e9ciant la profondeur et la pertinence de ses visions r\u00e9formatrices pour le secteur des m\u00e9dias, et en exprimant l\u2019engagement de la plus haute autorit\u00e9 \u00e0 concr\u00e9tiser les directives de Son Excellence et sa volont\u00e9 de continuer \u00e0 \u0153uvrer avec s\u00e9rieux et transparence \u00e0 la ma\u00eetrise, \u00e0 la professionnalisation et \u00e0 la promotion de nos m\u00e9dias nationaux pour parvenir \u00e0 une presse professionnelle, pluraliste et responsable qui contribue efficacement au d\u00e9veloppement de notre pays \u00e0 diff\u00e9rents niveaux et dans tous les domaines.\u201d<\/p>\n<p>Ami<\/p>\n","protected":false},"excerpt":{"rendered":"<p>Le Pr\u00e9sident de la R\u00e9publique, Son Excellence Monsieur Mohamed Ould Cheikh El Ghazouani, a re\u00e7u, ce mercredi matin au Palais pr\u00e9sidentiel \u00e0 Nouakchott, le rapport annuel de la Haute Autorit\u00e9 de la Presse et de l\u2019Audiovisuel (HAPA). C\u2019\u00e9tait au cours d\u2019une audience que le Pr\u00e9sident de la R\u00e9publique a accord\u00e9 au pr\u00e9sident de la haute &hellip;<\/p>\n","protected":false},"author":2,"featured_media":16073,"comment_status":"open","ping_status":"open","sticky":false,"template":"","format":"standard","meta":{"footnotes":""},"categories":[18],"tags":[],"class_list":["post-16072","post","type-post","status-publish","format-standard","has-post-thumbnail","hentry","category-actualites"],"_links":{"self":[{"href":"https:\/\/ladepeche.mr\/index.php?rest_route=\/wp\/v2\/posts\/16072","targetHints":{"allow":["GET"]}}],"collection":[{"href":"https:\/\/ladepeche.mr\/index.php?rest_route=\/wp\/v2\/posts"}],"about":[{"href":"https:\/\/ladepeche.mr\/index.php?rest_route=\/wp\/v2\/types\/post"}],"author":[{"embeddable":true,"href":"https:\/\/ladepeche.mr\/index.php?rest_route=\/wp\/v2\/users\/2"}],"replies":[{"embeddable":true,"href":"https:\/\/ladepeche.mr\/index.php?rest_route=%2Fwp%2Fv2%2Fcomments&post=16072"}],"version-history":[{"count":1,"href":"https:\/\/ladepeche.mr\/index.php?rest_route=\/wp\/v2\/posts\/16072\/revisions"}],"predecessor-version":[{"id":16074,"href":"https:\/\/ladepeche.mr\/index.php?rest_route=\/wp\/v2\/posts\/16072\/revisions\/16074"}],"wp:featuredmedia":[{"embeddable":true,"href":"https:\/\/ladepeche.mr\/index.php?rest_route=\/wp\/v2\/media\/16073"}],"wp:attachment":[{"href":"https:\/\/ladepeche.mr\/index.php?rest_route=%2Fwp%2Fv2%2Fmedia&parent=16072"}],"wp:term":[{"taxonomy":"category","embeddable":true,"href":"https:\/\/ladepeche.mr\/index.php?rest_route=%2Fwp%2Fv2%2Fcategories&post=16072"},{"taxonomy":"post_tag","embeddable":true,"href":"https:\/\/ladepeche.mr\/index.php?rest_route=%2Fwp%2Fv2%2Ftags&post=16072"}],"curies":[{"name":"wp","href":"https:\/\/api.w.org\/{rel}","templated":true}]}}