{"id":16075,"date":"2025-05-29T09:56:22","date_gmt":"2025-05-29T09:56:22","guid":{"rendered":"https:\/\/ladepeche.mr\/?p=16075"},"modified":"2025-05-29T10:09:03","modified_gmt":"2025-05-29T10:09:03","slug":"election-du-president-de-la-bad-le-coordinateur-de-la-campagne-du-candidat-mauritanien-se-dit-confiant","status":"publish","type":"post","link":"https:\/\/ladepeche.mr\/?p=16075","title":{"rendered":"Election du pr\u00e9sident de la BAD : Le coordinateur de la campagne du candidat mauritanien se dit confiant"},"content":{"rendered":"<p>Le coordinateur de la campagne du candidat mauritanien, Sidi Ould Tah, pour la pr\u00e9sidence du groupe de la Banque Africaine de D\u00e9veloppement (BAD), le ministre de l\u2019\u00e9conomie et des finances, Sid\u2019Ahmed Ould Bouh, s\u2019est dit confiant quant \u00e0 l\u2019issue du scrutin, pr\u00e9vu jeudi, pour \u00e9lire un nouveau pr\u00e9sident \u00e0 la t\u00eate de l\u2019institution continentale panafricaine.<\/p>\n<p>Cette d\u00e9claration a \u00e9t\u00e9 faite \u00e0 la r\u00e9sidence de l\u2019ambassadeur mauritanien, Mohamed Abdellahi Ould Khattra, lors d\u2019un d\u00eener \u00e9largi aux m\u00e9dias nationaux, suite \u00e0 la premi\u00e8re \u00e9preuve du Grand Oral que le candidat mauritanien aurait travers\u00e9 avec brio face aux 4 autres candidats en lice. Il s\u2019agit d\u2019une pr\u00e9sentation de son ambition d\u00e9roul\u00e9e, \u00e0 huis clos devant le conseil des gouverneurs, par chacun des 5 candidats. Un exercice auquel s\u2019est longuement pr\u00e9par\u00e9 le candidat avec une \u00e9quipe rapproch\u00e9e pour mettre en relief les quatre piliers de son programme pour la BAD afin d\u2019en faire \u00ab un levier plus efficace, plus proche des r\u00e9alit\u00e9s africaines et mieux pr\u00e9par\u00e9 aux d\u00e9fis du futur \u00bb. Une quadrilogie (impact, innovation, inclusion et int\u00e9gration) dont la pr\u00e9sentation en 40 mns aurait eu l\u2019effet escompt\u00e9 sur l\u2019auditoire retreint. Ces piliers s\u2019arriment en tout cas avec le th\u00e8me de ces 60\u00e8mes assembl\u00e9es annuelles de la BAD plac\u00e9es sous le slogan &#8220;Tirer le meilleur parti du capital de l\u2019Afrique pour favoriser son d\u00e9veloppement&#8221;.<\/p>\n<p>Pour le coordinateur de la campagne, Sid\u2019Ahmed Ould Bouh, rien n\u2019a \u00e9t\u00e9 m\u00e9nag\u00e9 pour le succ\u00e8s du candidat auquel veillerait et s\u2019impliquerait, en personne, le pr\u00e9sident de la R\u00e9publique, Mohamed Ould Ghazaouni. \u00abInform\u00e9 de tous les d\u00e9veloppements, le pr\u00e9sident r\u00e9agit et instruit presqu\u2019aussit\u00f4t des orientations qu\u2019on devrait suivre \u00bb assure Ould Bouh. \u00abNous sommes donc confiants \u00bb insiste le coordinateur de la campagne du candidat pour qui, malgr\u00e9 les impond\u00e9rables, l\u2019issue du vote devrait consacrer la victoire, sans ambages du candidat Ould Tah.<\/p>\n<p>Le Groupe de la Banque africaine de d\u00e9veloppement (BAD) est une institution multilat\u00e9rale de financement du d\u00e9veloppement cr\u00e9\u00e9e en 1963 avec pour objectif de contribuer au d\u00e9veloppement \u00e9conomique et au progr\u00e8s social des pays africains. Elle est dirig\u00e9e par un Conseil des gouverneurs, son l\u2019instance d\u00e9cisionnelle supr\u00eame. Jusqu\u2019ici 9 pr\u00e9sidents, avec des fortunes diverses, ont pr\u00e9sid\u00e9 \u00e0 sa destin\u00e9e. Le dernier en date, Akinwumi A. Adesina, de nationalit\u00e9 nig\u00e9riane, \u00e9lu en 2015 et 2020. La Banque compte 81 pays membres. Des \u00c9tats africains dits \u00ab r\u00e9gionaux \u00bb et des partenaires internationaux \u00e9galement actionnaires. Mais tous ne sont pas log\u00e9s \u00e0 la m\u00eame enseigne en raison de leurs parts dans le capital de la Banque. Si individuellement, la plus part des Etats africains membres d\u00e9tiennent des actions marginales, moins de 1%, quatorze parmi eux forment de grands \u00e9lecteurs et repr\u00e9sentent 47% des \u00e9lecteurs mastodontes comme le Nig\u00e9ria (9,33 %), l\u2019\u00c9gypte (6,33 %), l\u2019Alg\u00e9rie (5,33 %), l\u2019Afrique du Sud (5,05 %), le Maroc (4,76 %) ou encore la C\u00f4te d\u2019Ivoire (3,82 %). \u00c9lection d&#8217;un nouveau pr\u00e9sident de la Banque<\/p>\n<p>Cinq candidats dont notre compatriote, Sidi Ould Tah, le Zambien Samuel Munzele Maimbo , le Tchadien Abbas Mahamat Tolli, la Sud-Africaine Tshabalala Bajabulile Swazi, et le S\u00e9n\u00e9galais Amadou Hott sont en course pour la pr\u00e9sidence de la BAD.<\/p>\n<p>Rien que quelques heures et l\u2019on saura enfin qui d\u2019entre eux aura convaincu les 81 gouverneurs \u00e0 lui accorder leur confiance pour briguer un mandat de 5 ans \u00e0 la t\u00eate de la BAD. Cette derni\u00e8re, faut-il le rappeler, a dans son dernier rapport sur les perspectives \u00e9conomiques du continent, \u00e9voqu\u00e9 une croissance de 3,9% cette ann\u00e9e, en baisse de 0,2 point de pourcentage par rapport aux ambitions de d\u00e9but d\u2019exercice. Alors wait and see.<\/p>\n<p>JD<\/p>\n<p>Envoy\u00e9 sp\u00e9cial \u00e0 Abidjan<\/p>\n<p>Photo (chenouf)<\/p>\n","protected":false},"excerpt":{"rendered":"<p>Le coordinateur de la campagne du candidat mauritanien, Sidi Ould Tah, pour la pr\u00e9sidence du groupe de la Banque Africaine de D\u00e9veloppement (BAD), le ministre de l\u2019\u00e9conomie et des finances, Sid\u2019Ahmed Ould Bouh, s\u2019est dit confiant quant \u00e0 l\u2019issue du scrutin, pr\u00e9vu jeudi, pour \u00e9lire un nouveau pr\u00e9sident \u00e0 la t\u00eate de l\u2019institution continentale panafricaine. &hellip;<\/p>\n","protected":false},"author":2,"featured_media":16078,"comment_status":"open","ping_status":"open","sticky":false,"template":"","format":"standard","meta":{"footnotes":""},"categories":[18,2,29],"tags":[],"class_list":["post-16075","post","type-post","status-publish","format-standard","has-post-thumbnail","hentry","category-actualites","category-economie","category-monde"],"_links":{"self":[{"href":"https:\/\/ladepeche.mr\/index.php?rest_route=\/wp\/v2\/posts\/16075","targetHints":{"allow":["GET"]}}],"collection":[{"href":"https:\/\/ladepeche.mr\/index.php?rest_route=\/wp\/v2\/posts"}],"about":[{"href":"https:\/\/ladepeche.mr\/index.php?rest_route=\/wp\/v2\/types\/post"}],"author":[{"embeddable":true,"href":"https:\/\/ladepeche.mr\/index.php?rest_route=\/wp\/v2\/users\/2"}],"replies":[{"embeddable":true,"href":"https:\/\/ladepeche.mr\/index.php?rest_route=%2Fwp%2Fv2%2Fcomments&post=16075"}],"version-history":[{"count":4,"href":"https:\/\/ladepeche.mr\/index.php?rest_route=\/wp\/v2\/posts\/16075\/revisions"}],"predecessor-version":[{"id":16081,"href":"https:\/\/ladepeche.mr\/index.php?rest_route=\/wp\/v2\/posts\/16075\/revisions\/16081"}],"wp:featuredmedia":[{"embeddable":true,"href":"https:\/\/ladepeche.mr\/index.php?rest_route=\/wp\/v2\/media\/16078"}],"wp:attachment":[{"href":"https:\/\/ladepeche.mr\/index.php?rest_route=%2Fwp%2Fv2%2Fmedia&parent=16075"}],"wp:term":[{"taxonomy":"category","embeddable":true,"href":"https:\/\/ladepeche.mr\/index.php?rest_route=%2Fwp%2Fv2%2Fcategories&post=16075"},{"taxonomy":"post_tag","embeddable":true,"href":"https:\/\/ladepeche.mr\/index.php?rest_route=%2Fwp%2Fv2%2Ftags&post=16075"}],"curies":[{"name":"wp","href":"https:\/\/api.w.org\/{rel}","templated":true}]}}