{"id":16083,"date":"2025-05-29T11:58:55","date_gmt":"2025-05-29T11:58:55","guid":{"rendered":"https:\/\/ladepeche.mr\/?p=16083"},"modified":"2025-05-29T11:58:55","modified_gmt":"2025-05-29T11:58:55","slug":"le-conseil-des-ministres-approuve-le-projet-de-loi-portant-organisation-de-lactivite-industrielle","status":"publish","type":"post","link":"https:\/\/ladepeche.mr\/?p=16083","title":{"rendered":"Le Conseil des ministres approuve le Projet de loi portant organisation de l\u2019activit\u00e9 industrielle"},"content":{"rendered":"<p>Le Conseil des Ministres s\u2019est r\u00e9uni le mercredi 28 mai 2025, sous la Pr\u00e9sidence de Son Excellence Monsieur Mohamed OULD CHEIKH EL-GHAZOUANI, Pr\u00e9sident de la R\u00e9publique.<\/p>\n<p>Le Conseil a examin\u00e9 et adopt\u00e9 les deux projets de lois suivants :<\/p>\n<p>\u2010 Projet de loi autorisant la ratification de l\u2019accord de financement, sign\u00e9 le 12 mai 2025, entre la R\u00e9publique Islamique de Mauritanie et l\u2019Association Internationale de D\u00e9veloppement (IDA), destin\u00e9 au financement du Projet d\u2019Autonomisation des Femmes et de Dividende D\u00e9mographique en Afrique Sub-Saharienne Plus (SWEDD+).<\/p>\n<p>Le Programme du Pr\u00e9sident de R\u00e9publique donne une place pr\u00e9pond\u00e9rante \u00e0 l\u2019autonomisation des femmes \u00e0 travers l\u2019am\u00e9lioration de l\u2019acc\u00e8s \u00e0 des services de sant\u00e9 et d\u2019\u00e9ducation de qualit\u00e9 tout en r\u00e9duisant les co\u00fbts associ\u00e9s en favorisant la r\u00e9ussite \u00e9conomique gr\u00e2ce \u00e0 une formation technique et aux comp\u00e9tences de vie int\u00e9gr\u00e9es, associ\u00e9s \u00e0 un soutien \u00e0 l\u2019emploi.<\/p>\n<p>Dans ce contexte, l\u2019approbation de ce financement vise \u00e0 poursuivre et \u00e9largir les activit\u00e9s du projet SWEDD qui a obtenu des r\u00e9sultats probants enregistr\u00e9s dans les domaines de la sant\u00e9, de l\u2019\u00e9ducation, de la scolarisation des filles et la r\u00e9tention scolaire, de l\u2019autonomisation des jeunes filles aux niveaux national r\u00e9gional.<\/p>\n<p>Ce financement s\u2019\u00e9l\u00e8ve \u00e0 193 millions d\u2019euros et sera rembours\u00e9 sur 30 ans, dont 5 ans de diff\u00e9r\u00e9 avec un taux d\u2019int\u00e9r\u00eat de 1,25% du solde du cr\u00e9dit d\u00e9caiss\u00e9 et une commission de service de 0,75% par an du solde d\u00e9caiss\u00e9 du cr\u00e9dit.<\/p>\n<p>\u2010 Projet de loi portant organisation de l\u2019activit\u00e9 industrielle.<\/p>\n<p>Le pr\u00e9sent projet de loi vise \u00e0 instituer un cadre juridique unifi\u00e9 et moderne pour l\u2019organisation de l\u2019activit\u00e9 industrielle en Mauritanie. Il a pour objectif de combler le vide laiss\u00e9 par l\u2019abrogation de l\u2019ordonnance n\u00b0 84-020 du 22 janvier 1984 et de son d\u00e9cret d\u2019application n\u00b0 85-164 du 31 juillet 1985, dont l\u2019absence a contribu\u00e9 \u00e0 la d\u00e9sorganisation du secteur.<\/p>\n<p>Ce projet s\u2019inscrit dans une vision globale port\u00e9e par le Gouvernement, en faveur d\u2019une politique industrielle int\u00e9gr\u00e9e et coh\u00e9rente. Il ambitionne de valoriser les ressources nationales \u2013 qu\u2019elles soient mini\u00e8res, agricoles, halieutiques ou issues de l\u2019\u00e9levage \u2013 et de tirer parti des nouvelles opportunit\u00e9s offertes par les \u00e9nergies propres, notamment l\u2019hydrog\u00e8ne vert.<\/p>\n<p>Le Conseil a \u00e9galement examin\u00e9 et adopt\u00e9 les projets de d\u00e9crets suivants :<\/p>\n<p>\u2010 Projet de d\u00e9cret portant nomination du Pr\u00e9sident du Conseil d\u2019Administration de l\u2019Ecole de Sant\u00e9 Publique \u00e0 N\u00e9ma.<\/p>\n<p>\u2010 Projet de d\u00e9cret portant nomination du Pr\u00e9sident du Conseil d\u2019Administration du Centre Nationale d\u2019Oncologie.<\/p>\n<p>\u2010 Projet de d\u00e9cret portant nomination du Pr\u00e9sident du Conseil d\u2019Administration de l\u2019Ecole de Sant\u00e9 Publique \u00e0 Kiffa.<\/p>\n<p>\u2013 Projet de d\u00e9cret portant concession provisoire d\u2019un terrain \u00e0 la Wilaya du Brakna, Mougataa d\u2019Aleg au profit de la Soci\u00e9t\u00e9 Arrahma pour la production Agricole et Animal.Sarl<\/p>\n<p>Cette concession est accord\u00e9e conform\u00e9ment aux dispositions du d\u00e9cret n\u00b0 2010-080 du 31 mars 2010, qui abroge et remplace le d\u00e9cret n\u00b0 2000-089 du 17 juillet 2000, portant application de l\u2019ordonnance n\u00b0 127-83 du 5 juin 1983, relative \u00e0 la r\u00e9organisation fonci\u00e8re et domaniale.<\/p>\n<p>A travers ce projet, la soci\u00e9t\u00e9 vise \u00e0 contribuer efficacement \u00e0 assurer la s\u00e9curit\u00e9 alimentaire, \u00e0 d\u00e9velopper durablement la richesse nationale en \u00e9levage et \u00e0 r\u00e9duire la d\u00e9pendance du pays aux importations alimentaires.<\/p>\n<p>\u2010 Projet de d\u00e9cret portant nomination du Pr\u00e9sident du Conseil d\u2019Administration de l\u2019Etablissement d\u2019Ex\u00e9cution des Travaux R\u00e9alis\u00e9s en Mat\u00e9riaux Locaux (ETRML).<\/p>\n<p>\u2010 Projet de d\u00e9cret portant nomination du Pr\u00e9sident du Conseil d\u2019Administration du Parc National du Diawling.<\/p>\n<p>Le Ministre de la Justice, Ministre des Affaires Etrang\u00e8res, de la Coop\u00e9ration Africaine et des Mauritaniens de l\u2019Ext\u00e9rieur par int\u00e9rim, a pr\u00e9sent\u00e9 une communication relative \u00e0 la situation internationale.<\/p>\n<p>Le Ministre de l\u2019Int\u00e9rieur, de la Promotion de la D\u00e9centralisation et du D\u00e9veloppement Local a pr\u00e9sent\u00e9 une communication relative \u00e0 la situation int\u00e9rieure.<\/p>\n<p>Enfin, le Conseil a pris les mesures individuelles suivantes :<\/p>\n<p>Secr\u00e9tariat G\u00e9n\u00e9rale de la Pr\u00e9sidence<\/p>\n<p>Conseil Economique Social et Environnemental<\/p>\n<p>Secr\u00e9tariat G\u00e9n\u00e9ral<\/p>\n<p>\u2010 Secr\u00e9taire G\u00e9n\u00e9ral : Mohamed Mahmoud OULD EL HAJ BRAHIM<\/p>\n<p>Ministre de l\u2019autonomisation des Jeunes, de l\u2019Emploi, des Sports et du Service Civique<\/p>\n<p>Administration Centrale<\/p>\n<p>Direction G\u00e9n\u00e9rale de la Jeunesse<\/p>\n<p>Direction des Loisirs et de l\u2019Animation des Institutions de la Jeunesse<\/p>\n<p>\u2010 Directeur : Mohamed M\u2019bareck El Banoun, pr\u00e9c\u00e9demment Directeur adjoint dans le m\u00eame d\u00e9partement.<\/p>\n<p>\u2010 Directrice Adjointe : Hindou Sabbar, titulaire d\u2019une Master en Droit International.<\/p>\n<p>Direction G\u00e9n\u00e9rale de l\u2019Emploi<\/p>\n<p>\u2010 Directeur G\u00e9n\u00e9ral Adjoint : Ismail Ould Sidi<\/p>\n<p>Direction G\u00e9n\u00e9rale des Sports<\/p>\n<p>\u2010 Directrice G\u00e9n\u00e9rale Adjointe : Mariem Mamadou M\u2019BODJ, pr\u00e9c\u00e9demment Directrice des loisirs et de l\u2019animation des Institutions de la Jeunesse<\/p>\n<p>Ministre des Affaires Etrang\u00e8res, de la Coop\u00e9ration Africaine et des Mauritaniens de l\u2019Ext\u00e9rieur<\/p>\n<p>Cabinet du Ministre<\/p>\n<p>Charg\u00e9s de Mission<\/p>\n<p>\u2010 Mohamed Saleck OULD BRAHIM, pr\u00e9c\u00e9demment Directeur du Bureau des M\u00e9dias Pr\u00e9sidentiels<\/p>\n<p>Ministre de l\u2019Environnement et du D\u00e9veloppement Durable<\/p>\n<p>Cabinet du Ministre<\/p>\n<p>Charg\u00e9s de Mission<\/p>\n<p>\u2010 Sidi Mohamed Ould Mohamed Mahmoud, pr\u00e9c\u00e9demment Directeur des Affaires Financi\u00e8res<\/p>\n<p>Administration Centrale<\/p>\n<p>Direction des Affaires Financi\u00e8res<\/p>\n<p>\u2010 Directeur : Saedne Abdel Wehab, pr\u00e9c\u00e9demment Directeur Adjoint de la Direction de la Protection littoral, des zones Humides et des aires prot\u00e9g\u00e9es<\/p>\n<p>Direction de protection du littoral, des zones Humides et des aires prot\u00e9g\u00e9es<\/p>\n<p>\u2010 Directeur Adjoint : Abdellahi Ould Bembe, titulaire d\u2019un doctorat en Chimie Directeur Adjoint de Direction de la protection des aires prot\u00e9g\u00e9es et des zones Humides.<\/p>\n<p>Ami<\/p>\n","protected":false},"excerpt":{"rendered":"<p>Le Conseil des Ministres s\u2019est r\u00e9uni le mercredi 28 mai 2025, sous la Pr\u00e9sidence de Son Excellence Monsieur Mohamed OULD CHEIKH EL-GHAZOUANI, Pr\u00e9sident de la R\u00e9publique. Le Conseil a examin\u00e9 et adopt\u00e9 les deux projets de lois suivants : \u2010 Projet de loi autorisant la ratification de l\u2019accord de financement, sign\u00e9 le 12 mai 2025, &hellip;<\/p>\n","protected":false},"author":2,"featured_media":15866,"comment_status":"open","ping_status":"open","sticky":false,"template":"","format":"standard","meta":{"footnotes":""},"categories":[18,2],"tags":[],"class_list":["post-16083","post","type-post","status-publish","format-standard","has-post-thumbnail","hentry","category-actualites","category-economie"],"_links":{"self":[{"href":"https:\/\/ladepeche.mr\/index.php?rest_route=\/wp\/v2\/posts\/16083","targetHints":{"allow":["GET"]}}],"collection":[{"href":"https:\/\/ladepeche.mr\/index.php?rest_route=\/wp\/v2\/posts"}],"about":[{"href":"https:\/\/ladepeche.mr\/index.php?rest_route=\/wp\/v2\/types\/post"}],"author":[{"embeddable":true,"href":"https:\/\/ladepeche.mr\/index.php?rest_route=\/wp\/v2\/users\/2"}],"replies":[{"embeddable":true,"href":"https:\/\/ladepeche.mr\/index.php?rest_route=%2Fwp%2Fv2%2Fcomments&post=16083"}],"version-history":[{"count":1,"href":"https:\/\/ladepeche.mr\/index.php?rest_route=\/wp\/v2\/posts\/16083\/revisions"}],"predecessor-version":[{"id":16084,"href":"https:\/\/ladepeche.mr\/index.php?rest_route=\/wp\/v2\/posts\/16083\/revisions\/16084"}],"wp:featuredmedia":[{"embeddable":true,"href":"https:\/\/ladepeche.mr\/index.php?rest_route=\/wp\/v2\/media\/15866"}],"wp:attachment":[{"href":"https:\/\/ladepeche.mr\/index.php?rest_route=%2Fwp%2Fv2%2Fmedia&parent=16083"}],"wp:term":[{"taxonomy":"category","embeddable":true,"href":"https:\/\/ladepeche.mr\/index.php?rest_route=%2Fwp%2Fv2%2Fcategories&post=16083"},{"taxonomy":"post_tag","embeddable":true,"href":"https:\/\/ladepeche.mr\/index.php?rest_route=%2Fwp%2Fv2%2Ftags&post=16083"}],"curies":[{"name":"wp","href":"https:\/\/api.w.org\/{rel}","templated":true}]}}