{"id":16085,"date":"2025-05-29T12:07:32","date_gmt":"2025-05-29T12:07:32","guid":{"rendered":"https:\/\/ladepeche.mr\/?p=16085"},"modified":"2025-05-29T12:07:32","modified_gmt":"2025-05-29T12:07:32","slug":"securite-internationale-abdellatif-hammouchi-affirme-a-moscou-lapproche-marocaine-en-matiere-de-securite","status":"publish","type":"post","link":"https:\/\/ladepeche.mr\/?p=16085","title":{"rendered":"S\u00e9curit\u00e9 Internationale: Abdellatif Hammouchi affirme \u00e0 Moscou l\u2019approche marocaine en mati\u00e8re de s\u00e9curit\u00e9"},"content":{"rendered":"<p>Moscou (MAP)- Le Directeur G\u00e9n\u00e9ral de la S\u00fbret\u00e9 Nationale et de la Surveillance du Territoire, Abdellatif Hammouchi, effectue, du 27 au 29 mai, une visite de travail \u00e0 Moscou pour repr\u00e9senter le Royaume du Maroc \u00e0 la 13e rencontre internationale des hauts repr\u00e9sentants charg\u00e9s des questions de s\u00e9curit\u00e9.<\/p>\n<p>Cette r\u00e9union, qui rev\u00eat une importance particuli\u00e8re en mati\u00e8re de s\u00e9curit\u00e9, est marqu\u00e9e par la pr\u00e9sence de chefs et de responsables charg\u00e9s des services de s\u00e9curit\u00e9 et de renseignement repr\u00e9sentant plus de 100 pays du Sud, de l&#8217;Est et des pays de la Communaut\u00e9 des \u00c9tats ind\u00e9pendants (CEI), en plus de plusieurs organisations internationales et r\u00e9gionales, dont l&#8217;Organisation du trait\u00e9 de s\u00e9curit\u00e9 collective (OTSC), l&#8217;Union \u00e9conomique Euro\u00acasiatique (UEE), l&#8217;Organisation de coop\u00e9ration de Shanghai (OCS) et d&#8217;autres organisations internationales s&#8217;activant dans des domaines en lien avec la s\u00e9curit\u00e9.<\/p>\n<p>Organis\u00e9e par le Conseil de s\u00e9curit\u00e9 russe, cette r\u00e9union se tient r\u00e9guli\u00e8rement depuis 2010 en tant que forum strat\u00e9gique de coordination et d\u2019\u00e9change de vues entre diff\u00e9rents pays sur les moyens de d\u00e9velopper des m\u00e9canismes collectifs pour faire face aux risques mondiaux croissants et d\u2019examiner les politiques internationales visant \u00e0 neutraliser les menaces \u00e9mergentes, contribuant ainsi \u00e0 la consolidation de la paix et de la s\u00e9curit\u00e9 mondiales.<\/p>\n<p>Ce Forum pr\u00e9sid\u00e9 par le secr\u00e9taire du Conseil de s\u00e9curit\u00e9 russe, Sergue\u00ef Cho\u00efgou, a \u00e9t\u00e9 marqu\u00e9 par la pr\u00e9sence du ministre russe des Affaires \u00e9trang\u00e8res, Sergue\u00ef Lavrov, et par une allocution d&#8217;ouverture en visioconf\u00e9rence du pr\u00e9sident russe Vladimir Poutine, dans laquelle il a soulign\u00e9 que la nouvelle architecture de s\u00e9curit\u00e9 mondiale doit \u00eatre juste et \u00e9quitable, notant que tous les Etats doivent disposer de garanties solides pour assurer leur propre s\u00e9curit\u00e9, sans compromettre les int\u00e9r\u00eats et la s\u00e9curit\u00e9 des autres Etats.<\/p>\n<p>Le pr\u00e9sident russe s\u2019est \u00e9galement f\u00e9licit\u00e9 de la participation des services de s\u00fbret\u00e9 et de renseignement des pays de l&#8217;Est et du Sud qui, selon lui, repr\u00e9sentent la plus grande partie du syst\u00e8me s\u00e9curitaire mondial. Ces pays, a-t-il relev\u00e9, soutiennent le principe d&#8217;une souverainet\u00e9 \u00e9quitable et juste et mettent en avant leur propre mod\u00e8le de d\u00e9veloppement.<\/p>\n<p>Les travaux de ce Forum ont, par ailleurs, \u00e9t\u00e9 marqu\u00e9s par des s\u00e9ances pl\u00e9ni\u00e8res et des conf\u00e9rences th\u00e9matiques portant sur diverses questions inh\u00e9rentes \u00e0 la s\u00e9curit\u00e9 mondiale, dont la mont\u00e9e de la menace terroriste qui se manifeste par l\u2019\u00e9mergence de fiefs r\u00e9gionaux et de nouveaux foyers d\u2019organisations terroristes, les dangers accrus des crimes et les cyberattaques ciblant les infrastructures vitales et sensibles des Etats, en plus des intersections et ramifications transnationales du crime organis\u00e9.<\/p>\n<p>Dans le cadre de ce Forum, le Directeur g\u00e9n\u00e9ral de S\u00fbret\u00e9 nationale et de la Surveillance du territoire a affirm\u00e9 que la neutralisation des dangers et menaces strat\u00e9giques croissantes demeure tributaire de la cr\u00e9ation d\u2019une infrastructure s\u00e9curitaire commune et indivisible, avec le concours des services de s\u00fbret\u00e9 et de renseignement nationaux en coop\u00e9ration et en coordination \u00e9troites avec leurs homologues dans diff\u00e9rentes r\u00e9gions du monde.<\/p>\n<p>M. Hammouchi a en outre soulign\u00e9 que la coop\u00e9ration juste et \u00e9quitable entre les pays est le gage du succ\u00e8s de toute structure s\u00e9curitaire commune visant \u00e0 endiguer les menaces et d\u00e9fis strat\u00e9giques \u00e0 l\u2019heure actuelle, relevant que &#8220;le devoir de vigilance sous-tendant notre action proactive et notre responsabilit\u00e9 commune nous impose d\u2019\u00e9changer les informations au sujet de l\u2019ensemble des menaces s\u00e9curitaires identifi\u00e9es ou potentielles, ainsi que leur partage de mani\u00e8re s\u00e9curis\u00e9e et imm\u00e9diate au service de notre s\u00e9curit\u00e9 collective, sur la base du principe gagnant-gagnant&#8221;.<br \/>\nEn marge de ce forum international, marqu\u00e9 par la tenue d\u2019une s\u00e9rie de r\u00e9unions s\u2019inscrivant dans le cadre de la coop\u00e9ration s\u00e9curitaire multipartite, le Directeur g\u00e9n\u00e9ral de la S\u00fbret\u00e9 nationale et de la Surveillance du territoire a tenu d\u2019intenses rencontres bilat\u00e9rales avec les chefs et membres de plusieurs services s\u00e9curitaires et de renseignement de pays fr\u00e8res et amis, dont le Service f\u00e9d\u00e9ral de s\u00e9curit\u00e9 de Russie (FSB).<\/p>\n<p>Ces entrevues ont \u00e9t\u00e9 ax\u00e9es sur nombre de questions d&#8217;int\u00e9r\u00eat commun ainsi que sur les moyens de raffermir la coop\u00e9ration bilat\u00e9rale pour faire face aux risques et menaces \u00e9mergents.<\/p>\n<p>Cette visite vient illustrer la place de choix et le r\u00f4le agissant du Maroc dans le domaine de la coop\u00e9ration s\u00e9curitaire internationale, tout comme elle refl\u00e8te la cr\u00e9dibilit\u00e9 dont jouissent les services de s\u00e9curit\u00e9 marocains aupr\u00e8s de leurs partenaires internationaux, en tant qu\u2019acteurs majeurs dans les efforts communs visant la pr\u00e9servation de la s\u00e9curit\u00e9 et de la stabilit\u00e9 internationales.<\/p>\n","protected":false},"excerpt":{"rendered":"<p>Moscou (MAP)- Le Directeur G\u00e9n\u00e9ral de la S\u00fbret\u00e9 Nationale et de la Surveillance du Territoire, Abdellatif Hammouchi, effectue, du 27 au 29 mai, une visite de travail \u00e0 Moscou pour repr\u00e9senter le Royaume du Maroc \u00e0 la 13e rencontre internationale des hauts repr\u00e9sentants charg\u00e9s des questions de s\u00e9curit\u00e9. Cette r\u00e9union, qui rev\u00eat une importance particuli\u00e8re &hellip;<\/p>\n","protected":false},"author":2,"featured_media":16086,"comment_status":"open","ping_status":"open","sticky":false,"template":"","format":"standard","meta":{"footnotes":""},"categories":[18,29],"tags":[],"class_list":["post-16085","post","type-post","status-publish","format-standard","has-post-thumbnail","hentry","category-actualites","category-monde"],"_links":{"self":[{"href":"https:\/\/ladepeche.mr\/index.php?rest_route=\/wp\/v2\/posts\/16085","targetHints":{"allow":["GET"]}}],"collection":[{"href":"https:\/\/ladepeche.mr\/index.php?rest_route=\/wp\/v2\/posts"}],"about":[{"href":"https:\/\/ladepeche.mr\/index.php?rest_route=\/wp\/v2\/types\/post"}],"author":[{"embeddable":true,"href":"https:\/\/ladepeche.mr\/index.php?rest_route=\/wp\/v2\/users\/2"}],"replies":[{"embeddable":true,"href":"https:\/\/ladepeche.mr\/index.php?rest_route=%2Fwp%2Fv2%2Fcomments&post=16085"}],"version-history":[{"count":1,"href":"https:\/\/ladepeche.mr\/index.php?rest_route=\/wp\/v2\/posts\/16085\/revisions"}],"predecessor-version":[{"id":16087,"href":"https:\/\/ladepeche.mr\/index.php?rest_route=\/wp\/v2\/posts\/16085\/revisions\/16087"}],"wp:featuredmedia":[{"embeddable":true,"href":"https:\/\/ladepeche.mr\/index.php?rest_route=\/wp\/v2\/media\/16086"}],"wp:attachment":[{"href":"https:\/\/ladepeche.mr\/index.php?rest_route=%2Fwp%2Fv2%2Fmedia&parent=16085"}],"wp:term":[{"taxonomy":"category","embeddable":true,"href":"https:\/\/ladepeche.mr\/index.php?rest_route=%2Fwp%2Fv2%2Fcategories&post=16085"},{"taxonomy":"post_tag","embeddable":true,"href":"https:\/\/ladepeche.mr\/index.php?rest_route=%2Fwp%2Fv2%2Ftags&post=16085"}],"curies":[{"name":"wp","href":"https:\/\/api.w.org\/{rel}","templated":true}]}}