{"id":16088,"date":"2025-05-29T13:28:06","date_gmt":"2025-05-29T13:28:06","guid":{"rendered":"https:\/\/ladepeche.mr\/?p=16088"},"modified":"2025-05-29T15:27:36","modified_gmt":"2025-05-29T15:27:36","slug":"election-du-president-de-la-bad-sidi-lemporte-haut-la-main","status":"publish","type":"post","link":"https:\/\/ladepeche.mr\/?p=16088","title":{"rendered":"Election du pr\u00e9sident de la BAD\u00a0: Sidi Ould Tah, l&#8217;emporte haut la main\u00a0(r\u00e9actualis\u00e9)!"},"content":{"rendered":"<p>Il n\u2019y aura finalement pas photo \u00e0 l\u2019arriv\u00e9e pour l\u2019\u00e9lection du nouveau pr\u00e9sident de la BAD. \u00a0Notre compatriote, Sidi Ould Tah, a \u00e9t\u00e9, en effet, \u00e9lu haut la main par le conseil des gouverneurs de l\u2019institution avec un score de plus de 76% des voix. Il dirigera donc l\u2019institution pendant un premier mandat de 5 ans,<\/p>\n<p>Le suspens du premier tour de cette \u00e9lection o\u00f9 5 cadres africains \u00e9taient en lice n\u2019aura donc pas dur\u00e9 longtemps. Le mauritanien s\u2019est vite d\u00e9tach\u00e9 face \u00e0 son principal adversaire Zambien Samuel Maimbo \u00a0donn\u00e9 comme un \u00ab\u00a0outsider\u00bb de taille. Mais au terme du second jusqu\u2019au dernier ce ne fut finalement qu\u2019une promenade de sant\u00e9 pour le candidat mauritanien.<\/p>\n<p>Trois tours de scrutin ont finalement port\u00e9 le candidat mauritanien, Sidi Ould Tah, avec plus de 76,18 % des voix aux commandes de la Banque. Le Zambien Samuel Maimbo a enregistr\u00e9 20,26 % et le S\u00e9n\u00e9galais Amadou Hott (3,55 %).<\/p>\n<p>&nbsp;<\/p>\n<p><a href=\"https:\/\/ladepeche.mr\/?p=16075\">Election du pr\u00e9sident de la BAD : Le coordinateur de la campagne du candidat mauritanien se dit confiant \u2013 La D\u00e9p\u00eache de Mauritanie et du Sahel<\/a><\/p>\n<p>Le soutien diplomatique obtenu dans le cadre g\u00e9opolitique gr\u00e2ce \u00e0 l\u2019intrusion du pr\u00e9sident de la R\u00e9publique, l\u2019exp\u00e9rience du candidat et la pertinence de son programme doubl\u00e9s d\u2019une campagne r\u00e9ussie semblent \u00eatre le moteur de l\u2019assurance de ce succ\u00e8s qui transparaissait depuis le d\u00e9but sur les mauritaniens.<\/p>\n<p>JD<\/p>\n<p>Envoy\u00e9 sp\u00e9cial \u00e0 Abidjan<\/p>\n","protected":false},"excerpt":{"rendered":"<p>Il n\u2019y aura finalement pas photo \u00e0 l\u2019arriv\u00e9e pour l\u2019\u00e9lection du nouveau pr\u00e9sident de la BAD. \u00a0Notre compatriote, Sidi Ould Tah, a \u00e9t\u00e9, en effet, \u00e9lu haut la main par le conseil des gouverneurs de l\u2019institution avec un score de plus de 76% des voix. Il dirigera donc l\u2019institution pendant un premier mandat de 5 &hellip;<\/p>\n","protected":false},"author":2,"featured_media":16095,"comment_status":"open","ping_status":"open","sticky":false,"template":"","format":"standard","meta":{"footnotes":""},"categories":[18,2,29],"tags":[],"class_list":["post-16088","post","type-post","status-publish","format-standard","has-post-thumbnail","hentry","category-actualites","category-economie","category-monde"],"_links":{"self":[{"href":"https:\/\/ladepeche.mr\/index.php?rest_route=\/wp\/v2\/posts\/16088","targetHints":{"allow":["GET"]}}],"collection":[{"href":"https:\/\/ladepeche.mr\/index.php?rest_route=\/wp\/v2\/posts"}],"about":[{"href":"https:\/\/ladepeche.mr\/index.php?rest_route=\/wp\/v2\/types\/post"}],"author":[{"embeddable":true,"href":"https:\/\/ladepeche.mr\/index.php?rest_route=\/wp\/v2\/users\/2"}],"replies":[{"embeddable":true,"href":"https:\/\/ladepeche.mr\/index.php?rest_route=%2Fwp%2Fv2%2Fcomments&post=16088"}],"version-history":[{"count":7,"href":"https:\/\/ladepeche.mr\/index.php?rest_route=\/wp\/v2\/posts\/16088\/revisions"}],"predecessor-version":[{"id":16097,"href":"https:\/\/ladepeche.mr\/index.php?rest_route=\/wp\/v2\/posts\/16088\/revisions\/16097"}],"wp:featuredmedia":[{"embeddable":true,"href":"https:\/\/ladepeche.mr\/index.php?rest_route=\/wp\/v2\/media\/16095"}],"wp:attachment":[{"href":"https:\/\/ladepeche.mr\/index.php?rest_route=%2Fwp%2Fv2%2Fmedia&parent=16088"}],"wp:term":[{"taxonomy":"category","embeddable":true,"href":"https:\/\/ladepeche.mr\/index.php?rest_route=%2Fwp%2Fv2%2Fcategories&post=16088"},{"taxonomy":"post_tag","embeddable":true,"href":"https:\/\/ladepeche.mr\/index.php?rest_route=%2Fwp%2Fv2%2Ftags&post=16088"}],"curies":[{"name":"wp","href":"https:\/\/api.w.org\/{rel}","templated":true}]}}