{"id":16098,"date":"2025-05-30T08:44:04","date_gmt":"2025-05-30T08:44:04","guid":{"rendered":"https:\/\/ladepeche.mr\/?p=16098"},"modified":"2025-05-30T08:54:01","modified_gmt":"2025-05-30T08:54:01","slug":"sidi-ould-tah-president-de-la-bad-une-victoire-historique","status":"publish","type":"post","link":"https:\/\/ladepeche.mr\/?p=16098","title":{"rendered":"Sidi Ould Tah, \u00e9lu pr\u00e9sident de la Bad\u00a0: Une victoire historique"},"content":{"rendered":"<p>Le myst\u00e8re sur qui tiendra les brides de la pr\u00e9sidence de la Banque Africaine de D\u00e9veloppement est lev\u00e9 depuis jeudi avec l\u2019\u00e9lection du candidat mauritanien Sidi Ould Tah. Cerise sur le g\u00e2teau le score enregistr\u00e9 \u00e0 cette \u00e9lection est historique. \u00abUne victoire sans ambages\u00a0\u00bb comme nous le promettait, la veille, le ministre de l\u2019\u00e9conomie et des finances, coordinateur de la campagne du candidat, Sid\u2019Ahmed Ould Bouh. A l\u2019arriv\u00e9e, le candidat mauritanien a, en effet, obtenu 76% des suffrages cumul\u00e9s de tous les actionnaires.<\/p>\n<p>Mission accomplie donc pour le candidat et son directoire de campagne \u00e0 l\u2019issue des Assembl\u00e9es Annuelles de l\u2019Institution financi\u00e8re cr\u00e9\u00e9e en 1964. La victoire \u00e9tait \u00e9clatante et l\u2019euphorie \u00e0 son paroxysme, jeudi, \u00e0 l\u2019h\u00f4tel Sofitel Ivoire, avec l\u2019annonce de l\u2019\u00e9lection du 9<sup>\u00e8me<\/sup> pr\u00e9sident du Groupe de la Bad, en la personne de Sidi Ould Tah. Ce fut v\u00e9ritablement un v\u00e9ritable pl\u00e9biscite du fait d\u2019un large consensus qui se d\u00e9gage des scores obtenus par le candidat de notre pays \u00e0 la Bad avec 72% pour les votes des seuls groupes r\u00e9gionaux. Un acquis diplomatique sans pr\u00e9c\u00e9dent. En vertu de l\u2019article 36 de l\u2019Accord portant cr\u00e9ation de la Banque, le nouveau pr\u00e9sident, Sidi Ould Tah, est \u00e9lu par le conseil des gouverneurs de la Banque pour un mandat de cinq ans, renouvelable une fois.<\/p>\n<p>Si l\u2019on ne peut d\u00e9nier les m\u00e9rites de Sidi Ould Tah, \u00abcheval gagnant\u00a0\u00bb dans cette course, sur lequel misait tout un pays, et qui a su convaincre du bien-fond\u00e9 du choix qui pourrait \u00eatre port\u00e9 sur lui, l\u2019on ne pourra pas, non plus, occulter le r\u00f4le pr\u00e9pond\u00e9rant du pr\u00e9sident Mohamed Ghazouani \u00e0 rabattre le vote africain \u00e0 la cause de notre candidat. C\u2019est aussi sans doute du fait d\u2019un long travail diplomatique, de l\u2019aura grandissante de notre pays sur la sph\u00e8re internationale et des missions d\u00e9p\u00each\u00e9es par le pr\u00e9sident aupr\u00e8s de ses vis-\u00e0-vis du Continent que des r\u00e9sultats de haute facture ont \u00e9t\u00e9 r\u00e9alis\u00e9s sur les trois tours dans cette \u00e9lection.<\/p>\n<p>A noter au sujet de cette \u00e9lection, l\u2019apport inestimable de la C\u00f4te d\u2019Ivoire et singuli\u00e8rement son pr\u00e9sident Alassane Dramane Ouatara qui outre son soutien personnel aurait su remorquer vers le candidat Sidi Ould Tah les \u00e9lecteurs grands pourvoyeurs parmi les investisseurs comme l\u2019Allemagne, le Japon ou encore le Canada. Une mission dont s\u2019est acquitt\u00e9e \u00e9galement l\u2019Arabie Saoudite aupr\u00e8s d\u2019autres pourvoyeurs de voix.<\/p>\n<p>Pratiquement tous les pays africains se sont rabattus sur le candidat mauritanien \u00e0 l\u2019issue de la seconde manche. Certains m\u00eame comme le Maroc et l\u2019Alg\u00e9rie ont mis de c\u00f4t\u00e9 leurs clivages pour apporter leurs voix \u00e0 notre compatriote, preuve s\u2019il en \u00e9tait que le candidat mauritanien rassemble autour de lui.<\/p>\n<p>C\u2019est donc un v\u00e9ritable consensus qui accompagne la victoire de notre compatriote Sidi Ould Tah pour diriger et mettre en pratique, sur les 5 prochaines ann\u00e9es, le programme \u00e9conomique et financer afin d\u2019apporter sa touche au d\u00e9veloppement du Continent. Il h\u00e9rite en tout cas d\u2019une institution dont le capital est pass\u00e9, en 10 ans, de 93 \u00e0 318 milliards de dollars, souligne le pr\u00e9sident sortant. Sidi Ould Tah 9<sup>\u00e8me<\/sup> pr\u00e9sident de la Bad, devrait officiellement \u00eatre install\u00e9 \u00e0 son nouveau poste le 1<sup>er<\/sup> septembre 2025.<\/p>\n<p>JD<\/p>\n<p>Envoy\u00e9 sp\u00e9cial \u00e0 Abidjan<\/p>\n","protected":false},"excerpt":{"rendered":"<p>Le myst\u00e8re sur qui tiendra les brides de la pr\u00e9sidence de la Banque Africaine de D\u00e9veloppement est lev\u00e9 depuis jeudi avec l\u2019\u00e9lection du candidat mauritanien Sidi Ould Tah. Cerise sur le g\u00e2teau le score enregistr\u00e9 \u00e0 cette \u00e9lection est historique. \u00abUne victoire sans ambages\u00a0\u00bb comme nous le promettait, la veille, le ministre de l\u2019\u00e9conomie et &hellip;<\/p>\n","protected":false},"author":2,"featured_media":16099,"comment_status":"open","ping_status":"open","sticky":false,"template":"","format":"standard","meta":{"footnotes":""},"categories":[18,2,29],"tags":[],"class_list":["post-16098","post","type-post","status-publish","format-standard","has-post-thumbnail","hentry","category-actualites","category-economie","category-monde"],"_links":{"self":[{"href":"https:\/\/ladepeche.mr\/index.php?rest_route=\/wp\/v2\/posts\/16098","targetHints":{"allow":["GET"]}}],"collection":[{"href":"https:\/\/ladepeche.mr\/index.php?rest_route=\/wp\/v2\/posts"}],"about":[{"href":"https:\/\/ladepeche.mr\/index.php?rest_route=\/wp\/v2\/types\/post"}],"author":[{"embeddable":true,"href":"https:\/\/ladepeche.mr\/index.php?rest_route=\/wp\/v2\/users\/2"}],"replies":[{"embeddable":true,"href":"https:\/\/ladepeche.mr\/index.php?rest_route=%2Fwp%2Fv2%2Fcomments&post=16098"}],"version-history":[{"count":5,"href":"https:\/\/ladepeche.mr\/index.php?rest_route=\/wp\/v2\/posts\/16098\/revisions"}],"predecessor-version":[{"id":16104,"href":"https:\/\/ladepeche.mr\/index.php?rest_route=\/wp\/v2\/posts\/16098\/revisions\/16104"}],"wp:featuredmedia":[{"embeddable":true,"href":"https:\/\/ladepeche.mr\/index.php?rest_route=\/wp\/v2\/media\/16099"}],"wp:attachment":[{"href":"https:\/\/ladepeche.mr\/index.php?rest_route=%2Fwp%2Fv2%2Fmedia&parent=16098"}],"wp:term":[{"taxonomy":"category","embeddable":true,"href":"https:\/\/ladepeche.mr\/index.php?rest_route=%2Fwp%2Fv2%2Fcategories&post=16098"},{"taxonomy":"post_tag","embeddable":true,"href":"https:\/\/ladepeche.mr\/index.php?rest_route=%2Fwp%2Fv2%2Ftags&post=16098"}],"curies":[{"name":"wp","href":"https:\/\/api.w.org\/{rel}","templated":true}]}}