{"id":1610,"date":"2022-08-27T14:46:15","date_gmt":"2022-08-27T14:46:15","guid":{"rendered":"https:\/\/ladepeche.mr\/?p=1610"},"modified":"2022-08-27T23:39:56","modified_gmt":"2022-08-27T23:39:56","slug":"conference-de-presse-de-tawassoul-les-islamistes-denoncent-une-demission-du-gouvernement-pour-faire-face-aux-inondations","status":"publish","type":"post","link":"https:\/\/ladepeche.mr\/?p=1610","title":{"rendered":"Conf\u00e9rence de presse de Tawassoul: Les islamistes d\u00e9noncent \u00ab\u00a0une d\u00e9mission du gouvernement\u00a0\u00bb face aux inondations"},"content":{"rendered":"<p>Le pr\u00e9sident du parti Tawassoul (islamiste), Mohamed Mahmoud Ould Seyidi, a accus\u00e9 samedi, \u00e0 l\u2019occasion d\u2019une conf\u00e9rence de presse, le gouvernement mauritanien de d\u00e9mission face \u00e0 l\u2019ampleur des inondations v\u00e9cues \u00e0 Nouakchott et dans une plusieurs villes et villages \u00e0 l\u2019int\u00e9rieur du pays.<\/p>\n<p>Ould Seyidi qui estime que la situation des inondations est catastrophique a dit que le gouvernement \u00e9tait pourtant averti depuis quelques temps par les experts de l\u2019\u00e9ventualit\u00e9 du d\u00e9luge enregistr\u00e9 ces derniers temps. Il s\u2019est demand\u00e9 comment le gouvernement pouvait prendre des vacances pendant que les populations \u00e9taient sinistr\u00e9es. Il qualifiera m\u00eame le gouvernement \u00ab\u00a0d\u2019irresponsable\u00a0\u00bb face \u00e0 la grave situation qui pr\u00e9vaut dans les centres urbains notamment \u00e0 El Mina, Sebkha et Arafat \u00e0 Nouakchott.<\/p>\n<p>Le pr\u00e9sident de Tawassoul a pr\u00e9cis\u00e9 qu\u2019il \u00e9tait loin de faire de la surench\u00e8re et que des efforts ont \u00e9t\u00e9 d\u00e9ploy\u00e9s par le gouvernement mais qu\u2019il n\u2019\u00e9taient pas \u00e0 la mesure de la catastrophe o\u00f9 des centaines voire des milliers de familles ont tout perdu dans les pluies torrentielles qui se sont abattues sur le pays. \u00abCe qui a \u00e9t\u00e9 fait est marginal \u00bb a notamment dit Ould Seyidi avant d\u2019ajouter que les populations n\u2019ont pas besoin de visite de responsable et de promesses sans lendemain. Il a pr\u00e9cis\u00e9, dans ce cadre, que la centralisation \u00e0 Nouakchott des r\u00e9actions a amoindri l\u2019efficacit\u00e9 de l\u2019action du gouvernement qui, selon lui, semble dormir.<\/p>\n<p>Il a, par ailleurs, remerci\u00e9 les \u00e9lus de son parti et les militants qui auraient apport\u00e9 leurs moyens d\u00e9risoires pour soulager les sinistr\u00e9s partout o\u00f9 cela \u00e9tait possible.<\/p>\n<p>Il a enfin appel\u00e9 les autorit\u00e9s politiques \u00e0 prendre leurs responsabilit\u00e9s pour la prise en charge s\u00e9rieuse de l\u2019impact de la forte pluviom\u00e9trie enregistr\u00e9e et pour \u00e9vacuer les eaux stagnantes sources d\u2019inqui\u00e9tudes pour la sant\u00e9 des populations.<\/p>\n<p>&nbsp;<\/p>\n","protected":false},"excerpt":{"rendered":"<p>Le pr\u00e9sident du parti Tawassoul (islamiste), Mohamed Mahmoud Ould Seyidi, a accus\u00e9 samedi, \u00e0 l\u2019occasion d\u2019une conf\u00e9rence de presse, le gouvernement mauritanien de d\u00e9mission face \u00e0 l\u2019ampleur des inondations v\u00e9cues \u00e0 Nouakchott et dans une plusieurs villes et villages \u00e0 l\u2019int\u00e9rieur du pays. Ould Seyidi qui estime que la situation des inondations est catastrophique a &hellip;<\/p>\n","protected":false},"author":2,"featured_media":1612,"comment_status":"open","ping_status":"open","sticky":false,"template":"","format":"standard","meta":{"footnotes":""},"categories":[18],"tags":[],"class_list":["post-1610","post","type-post","status-publish","format-standard","has-post-thumbnail","hentry","category-actualites"],"_links":{"self":[{"href":"https:\/\/ladepeche.mr\/index.php?rest_route=\/wp\/v2\/posts\/1610","targetHints":{"allow":["GET"]}}],"collection":[{"href":"https:\/\/ladepeche.mr\/index.php?rest_route=\/wp\/v2\/posts"}],"about":[{"href":"https:\/\/ladepeche.mr\/index.php?rest_route=\/wp\/v2\/types\/post"}],"author":[{"embeddable":true,"href":"https:\/\/ladepeche.mr\/index.php?rest_route=\/wp\/v2\/users\/2"}],"replies":[{"embeddable":true,"href":"https:\/\/ladepeche.mr\/index.php?rest_route=%2Fwp%2Fv2%2Fcomments&post=1610"}],"version-history":[{"count":5,"href":"https:\/\/ladepeche.mr\/index.php?rest_route=\/wp\/v2\/posts\/1610\/revisions"}],"predecessor-version":[{"id":1621,"href":"https:\/\/ladepeche.mr\/index.php?rest_route=\/wp\/v2\/posts\/1610\/revisions\/1621"}],"wp:featuredmedia":[{"embeddable":true,"href":"https:\/\/ladepeche.mr\/index.php?rest_route=\/wp\/v2\/media\/1612"}],"wp:attachment":[{"href":"https:\/\/ladepeche.mr\/index.php?rest_route=%2Fwp%2Fv2%2Fmedia&parent=1610"}],"wp:term":[{"taxonomy":"category","embeddable":true,"href":"https:\/\/ladepeche.mr\/index.php?rest_route=%2Fwp%2Fv2%2Fcategories&post=1610"},{"taxonomy":"post_tag","embeddable":true,"href":"https:\/\/ladepeche.mr\/index.php?rest_route=%2Fwp%2Fv2%2Ftags&post=1610"}],"curies":[{"name":"wp","href":"https:\/\/api.w.org\/{rel}","templated":true}]}}