{"id":16108,"date":"2025-05-31T13:57:53","date_gmt":"2025-05-31T13:57:53","guid":{"rendered":"https:\/\/ladepeche.mr\/?p=16108"},"modified":"2025-05-31T13:57:53","modified_gmt":"2025-05-31T13:57:53","slug":"le-president-de-la-republique-a-medine-en-arabie-saoudite","status":"publish","type":"post","link":"https:\/\/ladepeche.mr\/?p=16108","title":{"rendered":"Le Pr\u00e9sident de la R\u00e9publique \u00e0 M\u00e9dine en Arabie Saoudite"},"content":{"rendered":"<p>Son Excellence le Pr\u00e9sident de la R\u00e9publique, M. Mohamed Ould Cheikh El Ghazouani est arriv\u00e9 samedi \u00e0 M\u00e9dine (Royaume d\u2019Arabie Saoudite) pour visiter la mosqu\u00e9e du Proph\u00e8te (Al-Masjid Al-Nabawi) dans le cadre de l\u2019accomplissement du p\u00e8lerinage 1446\/2025.<\/p>\n<p>\u00c0 son arriv\u00e9e \u00e0 l\u2019a\u00e9roport international Prince Mohammed bin Abdulaziz, le Pr\u00e9sident de la R\u00e9publique a \u00e9t\u00e9 accueilli par le Sous-secr\u00e9taire de l\u2019\u00e9mirat de M\u00e9dine, Abdul Mohsen bin Nayef bin Hamid, le directeur du bureau du protocole royal dans la r\u00e9gion, Ibrahim bin Abdullah Berri, l\u2019ambassadeur de notre pays en Arabie saoudite, M. Moctar Ould Dahi, et d\u2019autres responsables.<\/p>\n<p>Au cours de cette visite, le Pr\u00e9sident de la R\u00e9publique est accompagn\u00e9 par une importante d\u00e9l\u00e9gation compos\u00e9e notamment de :<\/p>\n<p>\u2013 Dr Mariem Mint Mohamed Fadel Dahi, Premi\u00e8re Dame ;<\/p>\n<p>\u2013 M. Nany Ould Chrougha, ministre charg\u00e9 de cabinet du Pr\u00e9sident de la R\u00e9publique,<\/p>\n<p>\u2013 M. Ahmed Ould Bah dit Ahmeida, conseiller \u00e0 la Pr\u00e9sidence de la R\u00e9publique ;<\/p>\n<p>\u2013 El Hacen Ould Ahmed, directeur g\u00e9n\u00e9ral du protocole d\u2019Etat.<br \/>\nAmi<\/p>\n","protected":false},"excerpt":{"rendered":"<p>Son Excellence le Pr\u00e9sident de la R\u00e9publique, M. Mohamed Ould Cheikh El Ghazouani est arriv\u00e9 samedi \u00e0 M\u00e9dine (Royaume d\u2019Arabie Saoudite) pour visiter la mosqu\u00e9e du Proph\u00e8te (Al-Masjid Al-Nabawi) dans le cadre de l\u2019accomplissement du p\u00e8lerinage 1446\/2025. \u00c0 son arriv\u00e9e \u00e0 l\u2019a\u00e9roport international Prince Mohammed bin Abdulaziz, le Pr\u00e9sident de la R\u00e9publique a \u00e9t\u00e9 accueilli &hellip;<\/p>\n","protected":false},"author":2,"featured_media":16109,"comment_status":"open","ping_status":"open","sticky":false,"template":"","format":"standard","meta":{"footnotes":""},"categories":[18],"tags":[],"class_list":["post-16108","post","type-post","status-publish","format-standard","has-post-thumbnail","hentry","category-actualites"],"_links":{"self":[{"href":"https:\/\/ladepeche.mr\/index.php?rest_route=\/wp\/v2\/posts\/16108","targetHints":{"allow":["GET"]}}],"collection":[{"href":"https:\/\/ladepeche.mr\/index.php?rest_route=\/wp\/v2\/posts"}],"about":[{"href":"https:\/\/ladepeche.mr\/index.php?rest_route=\/wp\/v2\/types\/post"}],"author":[{"embeddable":true,"href":"https:\/\/ladepeche.mr\/index.php?rest_route=\/wp\/v2\/users\/2"}],"replies":[{"embeddable":true,"href":"https:\/\/ladepeche.mr\/index.php?rest_route=%2Fwp%2Fv2%2Fcomments&post=16108"}],"version-history":[{"count":1,"href":"https:\/\/ladepeche.mr\/index.php?rest_route=\/wp\/v2\/posts\/16108\/revisions"}],"predecessor-version":[{"id":16110,"href":"https:\/\/ladepeche.mr\/index.php?rest_route=\/wp\/v2\/posts\/16108\/revisions\/16110"}],"wp:featuredmedia":[{"embeddable":true,"href":"https:\/\/ladepeche.mr\/index.php?rest_route=\/wp\/v2\/media\/16109"}],"wp:attachment":[{"href":"https:\/\/ladepeche.mr\/index.php?rest_route=%2Fwp%2Fv2%2Fmedia&parent=16108"}],"wp:term":[{"taxonomy":"category","embeddable":true,"href":"https:\/\/ladepeche.mr\/index.php?rest_route=%2Fwp%2Fv2%2Fcategories&post=16108"},{"taxonomy":"post_tag","embeddable":true,"href":"https:\/\/ladepeche.mr\/index.php?rest_route=%2Fwp%2Fv2%2Ftags&post=16108"}],"curies":[{"name":"wp","href":"https:\/\/api.w.org\/{rel}","templated":true}]}}