{"id":16118,"date":"2025-05-31T14:31:00","date_gmt":"2025-05-31T14:31:00","guid":{"rendered":"https:\/\/ladepeche.mr\/?p=16118"},"modified":"2025-05-31T14:31:59","modified_gmt":"2025-05-31T14:31:59","slug":"bad-500-musd-du-nigeria-pour-prolonger-de-15-ans-son-fonds-special","status":"publish","type":"post","link":"https:\/\/ladepeche.mr\/?p=16118","title":{"rendered":"BAD : 500 millions Usd du Nig\u00e9ria pour prolonger de 15 ans son fonds sp\u00e9cial"},"content":{"rendered":"<p>Le Nig\u00e9ria s\u2019est engag\u00e9, au lendemain de l\u2019\u00e9lection de Sidi Ould Tah \u00e0 la pr\u00e9sidence du groupe de la Bad, de prolonger de 15 ans son fonds sp\u00e9cial par le versement d\u2019une enveloppe de 500 millions Usd, apprend-on de source officielle.<br \/>\nSelon une communication de la Bad l\u2019accord entre le Nig\u00e9ria et la Bad a \u00e9t\u00e9 officialis\u00e9e entre l\u2019institution et le minist\u00e8re des Finances du Nig\u00e9ria.<br \/>\nLe Fonds sp\u00e9cial du Nig\u00e9ria est la troisi\u00e8me composante du Groupe de la Banque dont les ressources sont allou\u00e9es \u00e0 des projets et non \u00e0 des pays.<\/p>\n<p>L\u2019\u00e9lection jeudi de Sidi Ould Tah, ancien ministre mauritanien de l\u2019\u00e9conomie et ex-DG de la Badea, par un rassure les investisseurs et qui constitue une nouvelle \u00e9tape dans l\u2019\u00e9volution de la Banque. A noter \u00e9galement que treize administrateurs ont achev\u00e9 leurs mandats ce qui constitue un changement de 75 % dans la composition du conseil d\u2019administration pour l\u2019ann\u00e9e prochaine.<br \/>\nElu \u00e0 76%, le nouveau pr\u00e9sident de la Bad, re\u00e7u, le lendemain par le pr\u00e9sident Ghazouani a pr\u00e9sent\u00e9 un programme autour de quatre piliers am\u00e9liorer l\u2019apport de la Banque dans le d\u00e9veloppement et la r\u00e9silience des \u00e9conomies africaines.<\/p>\n","protected":false},"excerpt":{"rendered":"<p>Le Nig\u00e9ria s\u2019est engag\u00e9, au lendemain de l\u2019\u00e9lection de Sidi Ould Tah \u00e0 la pr\u00e9sidence du groupe de la Bad, de prolonger de 15 ans son fonds sp\u00e9cial par le versement d\u2019une enveloppe de 500 millions Usd, apprend-on de source officielle. Selon une communication de la Bad l\u2019accord entre le Nig\u00e9ria et la Bad a &hellip;<\/p>\n","protected":false},"author":2,"featured_media":10121,"comment_status":"open","ping_status":"open","sticky":false,"template":"","format":"standard","meta":{"footnotes":""},"categories":[18,2],"tags":[],"class_list":["post-16118","post","type-post","status-publish","format-standard","has-post-thumbnail","hentry","category-actualites","category-economie"],"_links":{"self":[{"href":"https:\/\/ladepeche.mr\/index.php?rest_route=\/wp\/v2\/posts\/16118","targetHints":{"allow":["GET"]}}],"collection":[{"href":"https:\/\/ladepeche.mr\/index.php?rest_route=\/wp\/v2\/posts"}],"about":[{"href":"https:\/\/ladepeche.mr\/index.php?rest_route=\/wp\/v2\/types\/post"}],"author":[{"embeddable":true,"href":"https:\/\/ladepeche.mr\/index.php?rest_route=\/wp\/v2\/users\/2"}],"replies":[{"embeddable":true,"href":"https:\/\/ladepeche.mr\/index.php?rest_route=%2Fwp%2Fv2%2Fcomments&post=16118"}],"version-history":[{"count":2,"href":"https:\/\/ladepeche.mr\/index.php?rest_route=\/wp\/v2\/posts\/16118\/revisions"}],"predecessor-version":[{"id":16120,"href":"https:\/\/ladepeche.mr\/index.php?rest_route=\/wp\/v2\/posts\/16118\/revisions\/16120"}],"wp:featuredmedia":[{"embeddable":true,"href":"https:\/\/ladepeche.mr\/index.php?rest_route=\/wp\/v2\/media\/10121"}],"wp:attachment":[{"href":"https:\/\/ladepeche.mr\/index.php?rest_route=%2Fwp%2Fv2%2Fmedia&parent=16118"}],"wp:term":[{"taxonomy":"category","embeddable":true,"href":"https:\/\/ladepeche.mr\/index.php?rest_route=%2Fwp%2Fv2%2Fcategories&post=16118"},{"taxonomy":"post_tag","embeddable":true,"href":"https:\/\/ladepeche.mr\/index.php?rest_route=%2Fwp%2Fv2%2Ftags&post=16118"}],"curies":[{"name":"wp","href":"https:\/\/api.w.org\/{rel}","templated":true}]}}