{"id":16121,"date":"2025-05-31T15:00:18","date_gmt":"2025-05-31T15:00:18","guid":{"rendered":"https:\/\/ladepeche.mr\/?p=16121"},"modified":"2025-05-31T14:34:50","modified_gmt":"2025-05-31T14:34:50","slug":"le-ministre-charge-du-budget-examine-le-renforcement-de-la-cooperation-avec-le-representant-du-fmi-dans-notre-pays","status":"publish","type":"post","link":"https:\/\/ladepeche.mr\/?p=16121","title":{"rendered":"Le ministre charg\u00e9 du Budget examine le renforcement de la coop\u00e9ration avec le repr\u00e9sentant du FMI dans notre pays"},"content":{"rendered":"<p>Son Excellence le  ministre d\u00e9l\u00e9gu\u00e9 aupr\u00e8s du ministre de l\u2019\u00c9conomie et des Finances, charg\u00e9 du Budget, M. Codioro Moussa N\u2019guenore, a re\u00e7u en audience  vendredi dans son bureau \u00e0 Nouakchott M. Younes Zahar, repr\u00e9sentant r\u00e9sident du Fonds mon\u00e9taire international en Mauritanie.<\/p>\n<p>Les \u00e9changes ont port\u00e9 sur les moyens de renforcer la coop\u00e9ration bilat\u00e9rale entre la Mauritanie et le FMI, en mettant l&#8217;accent sur les m\u00e9canismes d&#8217;appui \u00e0 la stabilit\u00e9 financi\u00e8re et l\u2019acc\u00e9l\u00e9ration du rythme du d\u00e9veloppement \u00e9conomique du pays.<\/p>\n<p>Le ministre a soulign\u00e9 que ce partenariat strat\u00e9gique constitue un pilier fondamental dans la mise en \u0153uvre de l\u2019agenda des r\u00e9formes gouvernementales, notamment en mati\u00e8re d\u2019am\u00e9lioration de la gouvernance financi\u00e8re et de renforcement de l\u2019efficience des d\u00e9penses publiques.<\/p>\n<p>Les deux parties ont \u00e9galement abord\u00e9 les perspectives d\u2019am\u00e9lioration des m\u00e9canismes de coordination du travail conjoint, afin d\u2019assurer l\u2019atteinte des r\u00e9sultats escompt\u00e9s dans le cadre des programmes de coop\u00e9ration actuels et futurs.<br \/>\nSource MEF<\/p>\n","protected":false},"excerpt":{"rendered":"<p>Son Excellence le ministre d\u00e9l\u00e9gu\u00e9 aupr\u00e8s du ministre de l\u2019\u00c9conomie et des Finances, charg\u00e9 du Budget, M. Codioro Moussa N\u2019guenore, a re\u00e7u en audience vendredi dans son bureau \u00e0 Nouakchott M. Younes Zahar, repr\u00e9sentant r\u00e9sident du Fonds mon\u00e9taire international en Mauritanie. Les \u00e9changes ont port\u00e9 sur les moyens de renforcer la coop\u00e9ration bilat\u00e9rale entre la &hellip;<\/p>\n","protected":false},"author":2,"featured_media":16117,"comment_status":"open","ping_status":"open","sticky":false,"template":"","format":"standard","meta":{"footnotes":""},"categories":[18,2],"tags":[],"class_list":["post-16121","post","type-post","status-publish","format-standard","has-post-thumbnail","hentry","category-actualites","category-economie"],"_links":{"self":[{"href":"https:\/\/ladepeche.mr\/index.php?rest_route=\/wp\/v2\/posts\/16121","targetHints":{"allow":["GET"]}}],"collection":[{"href":"https:\/\/ladepeche.mr\/index.php?rest_route=\/wp\/v2\/posts"}],"about":[{"href":"https:\/\/ladepeche.mr\/index.php?rest_route=\/wp\/v2\/types\/post"}],"author":[{"embeddable":true,"href":"https:\/\/ladepeche.mr\/index.php?rest_route=\/wp\/v2\/users\/2"}],"replies":[{"embeddable":true,"href":"https:\/\/ladepeche.mr\/index.php?rest_route=%2Fwp%2Fv2%2Fcomments&post=16121"}],"version-history":[{"count":2,"href":"https:\/\/ladepeche.mr\/index.php?rest_route=\/wp\/v2\/posts\/16121\/revisions"}],"predecessor-version":[{"id":16123,"href":"https:\/\/ladepeche.mr\/index.php?rest_route=\/wp\/v2\/posts\/16121\/revisions\/16123"}],"wp:featuredmedia":[{"embeddable":true,"href":"https:\/\/ladepeche.mr\/index.php?rest_route=\/wp\/v2\/media\/16117"}],"wp:attachment":[{"href":"https:\/\/ladepeche.mr\/index.php?rest_route=%2Fwp%2Fv2%2Fmedia&parent=16121"}],"wp:term":[{"taxonomy":"category","embeddable":true,"href":"https:\/\/ladepeche.mr\/index.php?rest_route=%2Fwp%2Fv2%2Fcategories&post=16121"},{"taxonomy":"post_tag","embeddable":true,"href":"https:\/\/ladepeche.mr\/index.php?rest_route=%2Fwp%2Fv2%2Ftags&post=16121"}],"curies":[{"name":"wp","href":"https:\/\/api.w.org\/{rel}","templated":true}]}}