{"id":16124,"date":"2025-05-31T15:47:00","date_gmt":"2025-05-31T15:47:00","guid":{"rendered":"https:\/\/ladepeche.mr\/?p=16124"},"modified":"2025-05-31T15:47:00","modified_gmt":"2025-05-31T15:47:00","slug":"gaza-le-hamas-repond-a-loffre-de-cessez-le-feu","status":"publish","type":"post","link":"https:\/\/ladepeche.mr\/?p=16124","title":{"rendered":"Gaza: le Hamas r\u00e9pond \u00e0 l&#8217;offre de cessez-le-feu"},"content":{"rendered":"<p>Le Hamas dit avoir r\u00e9pondu \u00e0 la proposition de cessez-le-feu \u00e9manant des \u00c9tats-Unis. L&#8217;accord pr\u00e9voit un \u00e9change d&#8217;otages isra\u00e9liens et de d\u00e9tenus palestiniens.<\/p>\n<p>Le Hamas a dit samedi avoir transmis sa r\u00e9ponse \u00e0 une proposition am\u00e9ricaine de cessez-le-feu avec Isra\u00ebl pr\u00e9sent\u00e9e aux m\u00e9diateurs par l&#8217;\u00e9missaire de Donald Trump, Steve Witkoff. Dans un communiqu\u00e9, le groupe palestinien d\u00e9clare qu&#8217;en vertu de l&#8217;accord, il lib\u00e9rera dix otages vivants et remettra 18 d\u00e9pouilles d&#8217;otages d\u00e9c\u00e9d\u00e9s \u00e0 l&#8217;\u00c9tat h\u00e9breu, en \u00e9change de la lib\u00e9ration d&#8217;un certain nombre de d\u00e9tenus palestiniens.<br \/>\nLe Hamas r\u00e9p\u00e8te que le cessez-le-feu devrait conduire \u00e0 la fin de la guerre \u00e0 Gaza. Vendredi, Isra\u00ebl avait somm\u00e9 le Hamas d&#8217;accepter la proposition de tr\u00eave. Donald Trump avait assur\u00e9 qu&#8217;un cessez-le-feu \u00e9tait imminent et qu&#8217;il pourrait bient\u00f4t \u00eatre annonc\u00e9. Selon une source cit\u00e9e par Reuters, la proposition pr\u00e9voirait une tr\u00eave de 60 jours. D&#8217;apr\u00e8s l&#8217;agence Bloomberg, l&#8217;accord comporte aussi la reprise de l&#8217;aide humanitaire sous l&#8217;\u00e9gide des Nations-Unies.<br \/>\nLe bureau du Premier ministre isra\u00e9lien Benjamin Netanyahu n&#8217;a pas imm\u00e9diatement r\u00e9pondu \u00e0 une demande de commentaires.<\/p>\n<p>https:\/\/www.lecho.be\/economie-politique\/international\/moyen-orient\/gaza-le-hamas-repond-a-l-offre-de-cessez-le-feu\/10609828.html<\/p>\n","protected":false},"excerpt":{"rendered":"<p>Le Hamas dit avoir r\u00e9pondu \u00e0 la proposition de cessez-le-feu \u00e9manant des \u00c9tats-Unis. L&#8217;accord pr\u00e9voit un \u00e9change d&#8217;otages isra\u00e9liens et de d\u00e9tenus palestiniens. Le Hamas a dit samedi avoir transmis sa r\u00e9ponse \u00e0 une proposition am\u00e9ricaine de cessez-le-feu avec Isra\u00ebl pr\u00e9sent\u00e9e aux m\u00e9diateurs par l&#8217;\u00e9missaire de Donald Trump, Steve Witkoff. Dans un communiqu\u00e9, le groupe &hellip;<\/p>\n","protected":false},"author":2,"featured_media":16125,"comment_status":"open","ping_status":"open","sticky":false,"template":"","format":"standard","meta":{"footnotes":""},"categories":[18,29],"tags":[],"class_list":["post-16124","post","type-post","status-publish","format-standard","has-post-thumbnail","hentry","category-actualites","category-monde"],"_links":{"self":[{"href":"https:\/\/ladepeche.mr\/index.php?rest_route=\/wp\/v2\/posts\/16124","targetHints":{"allow":["GET"]}}],"collection":[{"href":"https:\/\/ladepeche.mr\/index.php?rest_route=\/wp\/v2\/posts"}],"about":[{"href":"https:\/\/ladepeche.mr\/index.php?rest_route=\/wp\/v2\/types\/post"}],"author":[{"embeddable":true,"href":"https:\/\/ladepeche.mr\/index.php?rest_route=\/wp\/v2\/users\/2"}],"replies":[{"embeddable":true,"href":"https:\/\/ladepeche.mr\/index.php?rest_route=%2Fwp%2Fv2%2Fcomments&post=16124"}],"version-history":[{"count":1,"href":"https:\/\/ladepeche.mr\/index.php?rest_route=\/wp\/v2\/posts\/16124\/revisions"}],"predecessor-version":[{"id":16126,"href":"https:\/\/ladepeche.mr\/index.php?rest_route=\/wp\/v2\/posts\/16124\/revisions\/16126"}],"wp:featuredmedia":[{"embeddable":true,"href":"https:\/\/ladepeche.mr\/index.php?rest_route=\/wp\/v2\/media\/16125"}],"wp:attachment":[{"href":"https:\/\/ladepeche.mr\/index.php?rest_route=%2Fwp%2Fv2%2Fmedia&parent=16124"}],"wp:term":[{"taxonomy":"category","embeddable":true,"href":"https:\/\/ladepeche.mr\/index.php?rest_route=%2Fwp%2Fv2%2Fcategories&post=16124"},{"taxonomy":"post_tag","embeddable":true,"href":"https:\/\/ladepeche.mr\/index.php?rest_route=%2Fwp%2Fv2%2Ftags&post=16124"}],"curies":[{"name":"wp","href":"https:\/\/api.w.org\/{rel}","templated":true}]}}