{"id":16130,"date":"2025-05-31T17:00:33","date_gmt":"2025-05-31T17:00:33","guid":{"rendered":"https:\/\/ladepeche.mr\/?p=16130"},"modified":"2025-05-31T16:42:55","modified_gmt":"2025-05-31T16:42:55","slug":"dr-sidi-ould-tah-ce-qui-va-se-passer-pendant-ses-100-premiers-jours-a-la-bad","status":"publish","type":"post","link":"https:\/\/ladepeche.mr\/?p=16130","title":{"rendered":"Dr Sidi Ould Tah : Ce qui va se passer pendant ses 100 premiers jours \u00e0 la BAD"},"content":{"rendered":"<p>Elu brillamment pr\u00e9sident de la Banque africaine de d\u00e9veloppement (BAD) avec un score in\u00e9dit (73% des votes r\u00e9gionaux africains et environ 77% du total des voix des r\u00e9gionaux et non-r\u00e9gionaux), l\u2019\u00e9conomiste et financier mauritanien Sidi Ould Tah prend effectivement les commandes de l\u2019institution, le 1er septembre prochain \u00e0 Abidjan, en C\u00f4te d\u2019Ivoire, si\u00e8ge de la BAD.<br \/>\nD\u00e9j\u00e0 \u00e0 la man\u0153uvre, avec son \u00e9quipe, pour pr\u00e9parer avec celles de la BAD ce passage de t\u00e9moin, le Dr Sidi Ould Tah a une id\u00e9e pr\u00e9cise de ce qu\u2019il fera pendant ses 100 premiers jours de pr\u00e9sidence. \u00ab D\u00e8s les premiers jours, nous confiait-il lors d\u2019une interview \u00e0 Nouakchott, je lancerai des concertations tr\u00e8s \u00e9largies avec tous les acteurs, Etats, soci\u00e9t\u00e9 civile, m\u00e9dias. J\u2019initierai notamment des rencontres avec les m\u00e9dias qui ont un important r\u00f4le \u00e0 jouer pour aider la BAD \u00e0 avoir un bon feed-back de ses actions sur le terrain, pour aider la Banque \u00e0 comprendre quels sont les goulots d\u2019\u00e9tranglement sur le terrain, de fa\u00e7on \u00e0 rectifier le tir quand c\u2019est n\u00e9cessaire. Je fais \u00e9galement confiance aux m\u00e9dias pour aider \u00e0 changer le narratif sur l\u2019Afrique, comment r\u00e9duire la perception n\u00e9gative du risque africain \u00bb.Sa priorit\u00e9 d\u00e8s ses premiers jours ? \u00ab Former une \u00e9quipe de qualit\u00e9 comprenant les meilleurs talents, pour mettre en \u0153uvre notre vision. Pour s\u00fbr, avec Sidi Ould Tah, les choses vont aller vite, et les changements qu\u2019il entend apporter dans l\u2019organisation et la gouvernance de la BAD n\u2019attendront pas. \u00ab Place au travail, je suis pr\u00eat \u00bb, a-t-il lanc\u00e9 d\u00e8s sa premi\u00e8re prise de parole, le 29 mai, en tant que pr\u00e9sident \u00e9lu. L\u2019\u00e8re Sidi Ould Tah d\u00e9marre sous les chapeaux de roue.<\/p>\n<p>Provided by SyndiGate Media Inc. (Syndigate.info).<\/p>\n","protected":false},"excerpt":{"rendered":"<p>Elu brillamment pr\u00e9sident de la Banque africaine de d\u00e9veloppement (BAD) avec un score in\u00e9dit (73% des votes r\u00e9gionaux africains et environ 77% du total des voix des r\u00e9gionaux et non-r\u00e9gionaux), l\u2019\u00e9conomiste et financier mauritanien Sidi Ould Tah prend effectivement les commandes de l\u2019institution, le 1er septembre prochain \u00e0 Abidjan, en C\u00f4te d\u2019Ivoire, si\u00e8ge de la &hellip;<\/p>\n","protected":false},"author":2,"featured_media":16131,"comment_status":"open","ping_status":"open","sticky":false,"template":"","format":"standard","meta":{"footnotes":""},"categories":[18,29],"tags":[],"class_list":["post-16130","post","type-post","status-publish","format-standard","has-post-thumbnail","hentry","category-actualites","category-monde"],"_links":{"self":[{"href":"https:\/\/ladepeche.mr\/index.php?rest_route=\/wp\/v2\/posts\/16130","targetHints":{"allow":["GET"]}}],"collection":[{"href":"https:\/\/ladepeche.mr\/index.php?rest_route=\/wp\/v2\/posts"}],"about":[{"href":"https:\/\/ladepeche.mr\/index.php?rest_route=\/wp\/v2\/types\/post"}],"author":[{"embeddable":true,"href":"https:\/\/ladepeche.mr\/index.php?rest_route=\/wp\/v2\/users\/2"}],"replies":[{"embeddable":true,"href":"https:\/\/ladepeche.mr\/index.php?rest_route=%2Fwp%2Fv2%2Fcomments&post=16130"}],"version-history":[{"count":1,"href":"https:\/\/ladepeche.mr\/index.php?rest_route=\/wp\/v2\/posts\/16130\/revisions"}],"predecessor-version":[{"id":16132,"href":"https:\/\/ladepeche.mr\/index.php?rest_route=\/wp\/v2\/posts\/16130\/revisions\/16132"}],"wp:featuredmedia":[{"embeddable":true,"href":"https:\/\/ladepeche.mr\/index.php?rest_route=\/wp\/v2\/media\/16131"}],"wp:attachment":[{"href":"https:\/\/ladepeche.mr\/index.php?rest_route=%2Fwp%2Fv2%2Fmedia&parent=16130"}],"wp:term":[{"taxonomy":"category","embeddable":true,"href":"https:\/\/ladepeche.mr\/index.php?rest_route=%2Fwp%2Fv2%2Fcategories&post=16130"},{"taxonomy":"post_tag","embeddable":true,"href":"https:\/\/ladepeche.mr\/index.php?rest_route=%2Fwp%2Fv2%2Ftags&post=16130"}],"curies":[{"name":"wp","href":"https:\/\/api.w.org\/{rel}","templated":true}]}}