{"id":16133,"date":"2025-05-31T17:30:37","date_gmt":"2025-05-31T17:30:37","guid":{"rendered":"https:\/\/ladepeche.mr\/?p=16133"},"modified":"2025-05-31T17:07:54","modified_gmt":"2025-05-31T17:07:54","slug":"ligue-des-champions-finale-de-ligue-des-champions-paris-se-barricade-avant-psg-inter-milan","status":"publish","type":"post","link":"https:\/\/ladepeche.mr\/?p=16133","title":{"rendered":"Ligue des Champions. Finale de Ligue des champions : Paris se barricade avant PSG &#8211; Inter Milan !"},"content":{"rendered":"<p>5400 policiers et gendarmes d\u00e9ploy\u00e9s, des zones interdites \u00e0 la circulation, une vigilance maximale : les autorit\u00e9s fran\u00e7aises redoutent des d\u00e9bordements, quel que soit le r\u00e9sultat de la rencontre. Dans une interview accord\u00e9e au Parisien, le pr\u00e9fet de police de Paris, Laurent Nunez, a sorti la grosse artillerie.<\/p>\n<p>\u00ab Un traitement particulier est pr\u00e9vu autour des Champs-\u00c9lys\u00e9es et du Parc des Princes \u00bb, a-t-il martel\u00e9.<\/p>\n<p>\u00c0 partir de 18h (heure de Paris), les pi\u00e9tons eux-m\u00eames ne seront plus autoris\u00e9s \u00e0 fouler les pav\u00e9s de la place Charles-de-Gaulle. Et pour \u00e9viter tout risque de d\u00e9bordement, alcool, armes et p\u00e9tards seront purement et simplement interdits.<\/p>\n<p>Laurent Nunez ne cache pas son inqui\u00e9tude : \u00ab Nous avons vu ce qui s\u2019est pass\u00e9 \u00e0 Liverpool \u00bb. Il fait ici allusion \u00e0 un r\u00e9cent drame au Royaume-Uni, o\u00f9 une voiture a fonc\u00e9 dans la foule, blessant 27 personnes. Hors de question pour lui de revivre un tel cauchemar en plein c\u0153ur de Paris. R\u00e9sultat : aucune voiture ne devra circuler avec des drapeaux ou klaxonner en cas de victoire.<\/p>\n<p>Du samedi 19h jusqu\u2019au dimanche soir, tous les commerces dans la zone sensible devront baisser rideau \u2013 sauf les h\u00f4tels. Une mesure pr\u00e9ventive pour \u00e9viter un remake du chaos de 2020, quand 11 commerces avaient \u00e9t\u00e9 pill\u00e9s apr\u00e8s la finale perdue du PSG.<\/p>\n<p>Mais si les Parisiens croisent les doigts pour voir Ousmane Demb\u00e9l\u00e9 soulever le troph\u00e9e, les autorit\u00e9s, elles, ont tout pr\u00e9vu : une grande parade, du rond-point des Champs-\u00c9lys\u00e9es \u00e0 l\u2019\u00c9toile, avec six \u00e9crans g\u00e9ants pour permettre \u00e0 110.000 supporters d\u2019assister au retour triomphal de leurs h\u00e9ros depuis l\u2019a\u00e9roport.<\/p>\n<p>Mais attention : pas la peine de courir vers Roissy, car \u00ab vous ne les verrez pas \u00bb, pr\u00e9vient Nunez. Ensuite, direction l\u2019\u00c9lys\u00e9e pour une r\u00e9ception pr\u00e9sidentielle, puis le Parc des Princes pour pr\u00e9senter la coupe \u00e0 un public d\u2019abonn\u00e9s.<br \/>\nAnge NGO et Guy F. FOSSO<\/p>\n<p>Provided by SyndiGate Media Inc. (Syndigate.info).<\/p>\n","protected":false},"excerpt":{"rendered":"<p>5400 policiers et gendarmes d\u00e9ploy\u00e9s, des zones interdites \u00e0 la circulation, une vigilance maximale : les autorit\u00e9s fran\u00e7aises redoutent des d\u00e9bordements, quel que soit le r\u00e9sultat de la rencontre. Dans une interview accord\u00e9e au Parisien, le pr\u00e9fet de police de Paris, Laurent Nunez, a sorti la grosse artillerie. \u00ab Un traitement particulier est pr\u00e9vu autour &hellip;<\/p>\n","protected":false},"author":2,"featured_media":16134,"comment_status":"open","ping_status":"open","sticky":false,"template":"","format":"standard","meta":{"footnotes":""},"categories":[18,17],"tags":[],"class_list":["post-16133","post","type-post","status-publish","format-standard","has-post-thumbnail","hentry","category-actualites","category-sports"],"_links":{"self":[{"href":"https:\/\/ladepeche.mr\/index.php?rest_route=\/wp\/v2\/posts\/16133","targetHints":{"allow":["GET"]}}],"collection":[{"href":"https:\/\/ladepeche.mr\/index.php?rest_route=\/wp\/v2\/posts"}],"about":[{"href":"https:\/\/ladepeche.mr\/index.php?rest_route=\/wp\/v2\/types\/post"}],"author":[{"embeddable":true,"href":"https:\/\/ladepeche.mr\/index.php?rest_route=\/wp\/v2\/users\/2"}],"replies":[{"embeddable":true,"href":"https:\/\/ladepeche.mr\/index.php?rest_route=%2Fwp%2Fv2%2Fcomments&post=16133"}],"version-history":[{"count":1,"href":"https:\/\/ladepeche.mr\/index.php?rest_route=\/wp\/v2\/posts\/16133\/revisions"}],"predecessor-version":[{"id":16135,"href":"https:\/\/ladepeche.mr\/index.php?rest_route=\/wp\/v2\/posts\/16133\/revisions\/16135"}],"wp:featuredmedia":[{"embeddable":true,"href":"https:\/\/ladepeche.mr\/index.php?rest_route=\/wp\/v2\/media\/16134"}],"wp:attachment":[{"href":"https:\/\/ladepeche.mr\/index.php?rest_route=%2Fwp%2Fv2%2Fmedia&parent=16133"}],"wp:term":[{"taxonomy":"category","embeddable":true,"href":"https:\/\/ladepeche.mr\/index.php?rest_route=%2Fwp%2Fv2%2Fcategories&post=16133"},{"taxonomy":"post_tag","embeddable":true,"href":"https:\/\/ladepeche.mr\/index.php?rest_route=%2Fwp%2Fv2%2Ftags&post=16133"}],"curies":[{"name":"wp","href":"https:\/\/api.w.org\/{rel}","templated":true}]}}