{"id":16146,"date":"2025-06-02T19:07:58","date_gmt":"2025-06-02T19:07:58","guid":{"rendered":"https:\/\/ladepeche.mr\/?p=16146"},"modified":"2025-06-02T19:07:58","modified_gmt":"2025-06-02T19:07:58","slug":"le-ministre-delegue-charge-du-budget-discute-avec-une-mission-du-fmi-des-moyens-de-renforcer-la-gestion-des-finances-publiques","status":"publish","type":"post","link":"https:\/\/ladepeche.mr\/?p=16146","title":{"rendered":"Le ministre d\u00e9l\u00e9gu\u00e9 charg\u00e9 du budget discute avec une mission du FMI des moyens de renforcer la gestion des finances publiques"},"content":{"rendered":"<blockquote><p>Son Excellence le ministre d\u00e9l\u00e9gu\u00e9 aupr\u00e8s du ministre de l&#8217;\u00c9conomie et des Finances charg\u00e9 du budget, M. Codioro Moussa N\u2019guenore, s&#8217;est entretenu lundi matin en son bureau \u00e0 Nouakchott avec une mission technique du Fonds mon\u00e9taire international (FMI), dirig\u00e9e par Mme Nathalie Salazar.<\/p><\/blockquote>\n<p>Les discussions ont port\u00e9 sur l&#8217;examen des domaines de coop\u00e9ration et d&#8217;assistance technique apport\u00e9s par le FMI \u00e0 la Mauritanie, notamment dans le domaine du renforcement des capacit\u00e9s institutionnelles des services de pr\u00e9visions macro\u00e9conomiques et budg\u00e9taires.<\/p>\n<p>La r\u00e9union visait \u00e0 \u00e9tablir un diagnostic pr\u00e9cis des forces et faiblesses du syst\u00e8me financier mauritanien, \u00e0 formuler des recommandations pratiques adapt\u00e9es \u00e0 la r\u00e9alit\u00e9 \u00e9conomique du pays, ainsi qu&#8217;\u00e0 appuyer le processus de cadrage macro-budg\u00e9taire afin d&#8217;assurer une planification strat\u00e9gique et une gestion plus efficace et efficiente des ressources financi\u00e8res publiques.<\/p>\n<p>Au cours de la r\u00e9union, le ministre a soulign\u00e9 l&#8217;importance de cette assistance technique pour promouvoir les r\u00e9formes financi\u00e8res poursuivies par le gouvernement mauritanien, en insistant sur la n\u00e9cessit\u00e9 de d\u00e9velopper le syst\u00e8me de gestion des finances publiques en conformit\u00e9 avec les normes internationales.<\/p>\n<p>La r\u00e9union s&#8217;est d\u00e9roul\u00e9e en pr\u00e9sence du directeur g\u00e9n\u00e9ral du Budget, M. Ahmed Ould Abbe, et de plusieurs cadres du Minist\u00e8re de l&#8217;Economie et des Finances, ainsi que d&#8217;experts du FMI.<\/p>\n<p>MEF<\/p>\n","protected":false},"excerpt":{"rendered":"<p>Son Excellence le ministre d\u00e9l\u00e9gu\u00e9 aupr\u00e8s du ministre de l&#8217;\u00c9conomie et des Finances charg\u00e9 du budget, M. Codioro Moussa N\u2019guenore, s&#8217;est entretenu lundi matin en son bureau \u00e0 Nouakchott avec une mission technique du Fonds mon\u00e9taire international (FMI), dirig\u00e9e par Mme Nathalie Salazar. Les discussions ont port\u00e9 sur l&#8217;examen des domaines de coop\u00e9ration et d&#8217;assistance &hellip;<\/p>\n","protected":false},"author":2,"featured_media":16147,"comment_status":"open","ping_status":"open","sticky":false,"template":"","format":"standard","meta":{"footnotes":""},"categories":[18,2],"tags":[],"class_list":["post-16146","post","type-post","status-publish","format-standard","has-post-thumbnail","hentry","category-actualites","category-economie"],"_links":{"self":[{"href":"https:\/\/ladepeche.mr\/index.php?rest_route=\/wp\/v2\/posts\/16146","targetHints":{"allow":["GET"]}}],"collection":[{"href":"https:\/\/ladepeche.mr\/index.php?rest_route=\/wp\/v2\/posts"}],"about":[{"href":"https:\/\/ladepeche.mr\/index.php?rest_route=\/wp\/v2\/types\/post"}],"author":[{"embeddable":true,"href":"https:\/\/ladepeche.mr\/index.php?rest_route=\/wp\/v2\/users\/2"}],"replies":[{"embeddable":true,"href":"https:\/\/ladepeche.mr\/index.php?rest_route=%2Fwp%2Fv2%2Fcomments&post=16146"}],"version-history":[{"count":1,"href":"https:\/\/ladepeche.mr\/index.php?rest_route=\/wp\/v2\/posts\/16146\/revisions"}],"predecessor-version":[{"id":16148,"href":"https:\/\/ladepeche.mr\/index.php?rest_route=\/wp\/v2\/posts\/16146\/revisions\/16148"}],"wp:featuredmedia":[{"embeddable":true,"href":"https:\/\/ladepeche.mr\/index.php?rest_route=\/wp\/v2\/media\/16147"}],"wp:attachment":[{"href":"https:\/\/ladepeche.mr\/index.php?rest_route=%2Fwp%2Fv2%2Fmedia&parent=16146"}],"wp:term":[{"taxonomy":"category","embeddable":true,"href":"https:\/\/ladepeche.mr\/index.php?rest_route=%2Fwp%2Fv2%2Fcategories&post=16146"},{"taxonomy":"post_tag","embeddable":true,"href":"https:\/\/ladepeche.mr\/index.php?rest_route=%2Fwp%2Fv2%2Ftags&post=16146"}],"curies":[{"name":"wp","href":"https:\/\/api.w.org\/{rel}","templated":true}]}}