{"id":1616,"date":"2022-08-27T20:25:42","date_gmt":"2022-08-27T20:25:42","guid":{"rendered":"https:\/\/ladepeche.mr\/?p=1616"},"modified":"2022-08-27T23:41:23","modified_gmt":"2022-08-27T23:41:23","slug":"deces-dun-enfant-a-kaedi-le-ministre-dement-la-version-sur-la-toile","status":"publish","type":"post","link":"https:\/\/ladepeche.mr\/?p=1616","title":{"rendered":"D\u00e9c\u00e8s d\u2019un enfant \u00e0 Ka\u00e9di: Le minist\u00e8re d\u00e9ment la version sur la toile"},"content":{"rendered":"<p class=\"p1\"><span class=\"s1\">Le minist\u00e8re de la sant\u00e9 a d\u00e9menti, samedi sur sa page Facebook, la version sur la toile qui a accompagn\u00e9 la mort d\u2019un nouveau-n\u00e9 \u00e0 Ka\u00e9di, r\u00e9gion du Gorgol.<\/span><\/p>\n<p class=\"p1\"><span class=\"s1\">Selon le minist\u00e8re, le b\u00e9b\u00e9 de 5 jours emmen\u00e9 tardivement jeudi 25 ao\u00fbt 2022 au matin alors que son \u00e9tat de sant\u00e9 s\u2019\u00e9tait s\u00e9rieusement d\u00e9t\u00e9rior\u00e9 a \u00e9t\u00e9 admis aussit\u00f4t au service des urgences du centre hospitalier r\u00e9gional. <\/span><\/p>\n<p class=\"p1\"><span class=\"s1\">Malgr\u00e9 les soins intensifs prodigu\u00e9s par le service d\u2019urgence p\u00e9diatrique, le b\u00e9b\u00e9 est d\u00e9c\u00e9d\u00e9 en d\u00e9but d\u2019apr\u00e8s midi.<\/span><\/p>\n<p class=\"p1\"><span class=\"s1\">Le minist\u00e8re qui a pr\u00e9sent\u00e9 ses condol\u00e9ances \u00e0 la famille \u00e9plor\u00e9e a cat\u00e9goriquement rejet\u00e9 les all\u00e9gations internautes et assure que la mort du b\u00e9b\u00e9 n\u2019a rien \u00e0 voir avec les fausses informations concernant une \u00e9ventuelle rupture d\u2019oxyg\u00e8ne ou de d\u00e9lestage dans le centre hospitalier.<\/span><\/p>\n","protected":false},"excerpt":{"rendered":"<p>Le minist\u00e8re de la sant\u00e9 a d\u00e9menti, samedi sur sa page Facebook, la version sur la toile qui a accompagn\u00e9 la mort d\u2019un nouveau-n\u00e9 \u00e0 Ka\u00e9di, r\u00e9gion du Gorgol. Selon le minist\u00e8re, le b\u00e9b\u00e9 de 5 jours emmen\u00e9 tardivement jeudi 25 ao\u00fbt 2022 au matin alors que son \u00e9tat de sant\u00e9 s\u2019\u00e9tait s\u00e9rieusement d\u00e9t\u00e9rior\u00e9 a &hellip;<\/p>\n","protected":false},"author":2,"featured_media":1617,"comment_status":"open","ping_status":"open","sticky":false,"template":"","format":"standard","meta":{"footnotes":""},"categories":[18,27],"tags":[],"class_list":["post-1616","post","type-post","status-publish","format-standard","has-post-thumbnail","hentry","category-actualites","category-sante"],"_links":{"self":[{"href":"https:\/\/ladepeche.mr\/index.php?rest_route=\/wp\/v2\/posts\/1616","targetHints":{"allow":["GET"]}}],"collection":[{"href":"https:\/\/ladepeche.mr\/index.php?rest_route=\/wp\/v2\/posts"}],"about":[{"href":"https:\/\/ladepeche.mr\/index.php?rest_route=\/wp\/v2\/types\/post"}],"author":[{"embeddable":true,"href":"https:\/\/ladepeche.mr\/index.php?rest_route=\/wp\/v2\/users\/2"}],"replies":[{"embeddable":true,"href":"https:\/\/ladepeche.mr\/index.php?rest_route=%2Fwp%2Fv2%2Fcomments&post=1616"}],"version-history":[{"count":2,"href":"https:\/\/ladepeche.mr\/index.php?rest_route=\/wp\/v2\/posts\/1616\/revisions"}],"predecessor-version":[{"id":1622,"href":"https:\/\/ladepeche.mr\/index.php?rest_route=\/wp\/v2\/posts\/1616\/revisions\/1622"}],"wp:featuredmedia":[{"embeddable":true,"href":"https:\/\/ladepeche.mr\/index.php?rest_route=\/wp\/v2\/media\/1617"}],"wp:attachment":[{"href":"https:\/\/ladepeche.mr\/index.php?rest_route=%2Fwp%2Fv2%2Fmedia&parent=1616"}],"wp:term":[{"taxonomy":"category","embeddable":true,"href":"https:\/\/ladepeche.mr\/index.php?rest_route=%2Fwp%2Fv2%2Fcategories&post=1616"},{"taxonomy":"post_tag","embeddable":true,"href":"https:\/\/ladepeche.mr\/index.php?rest_route=%2Fwp%2Fv2%2Ftags&post=1616"}],"curies":[{"name":"wp","href":"https:\/\/api.w.org\/{rel}","templated":true}]}}