{"id":16160,"date":"2025-06-04T12:00:57","date_gmt":"2025-06-04T12:00:57","guid":{"rendered":"https:\/\/ladepeche.mr\/?p=16160"},"modified":"2025-06-04T11:36:50","modified_gmt":"2025-06-04T11:36:50","slug":"lancement-dun-projet-de-renforcement-de-la-resilience-des-producteurs-agricoles-et-pastoraux-dans-le-sud-est-de-la-mauritanie","status":"publish","type":"post","link":"https:\/\/ladepeche.mr\/?p=16160","title":{"rendered":"Lancement d\u2019un projet de renforcement de la r\u00e9silience des producteurs agricoles et pastoraux dans le sud-est de la Mauritanie"},"content":{"rendered":"<article id=\"post-272567\" class=\"post-272567 post type-post status-publish format-standard has-post-thumbnail  category-a-la-une category-fil-dactualite category-mauritanie single-post-content has-thumbnail\">\n<div class=\"entry-content clearfix single-post-content\">\n<p>La minist\u00e8re de l\u2019Environnement et du D\u00e9veloppement durable, Mme Messaouda mint Bahham Ould Mohamed Laghdaf, a lanc\u00e9, mardi \u00e0 Nouakchott, un atelier de lancement du projet \u2018\u2019renforcer la r\u00e9silience des producteurs agricoles et pastoraux \u00e0 travers la gestion optimale des bassins affluents et le d\u00e9veloppement de cha\u00eenes de valeur positives vis-\u00e0-vis de l\u2019environnement dans le sud-est de la Mauritanie\u2019\u2019, en coop\u00e9ration avec l\u2019Organisation des Nations Unies pour l\u2019Alimentation et l\u2019Agriculture (FAO).<\/p>\n<p>Le projet vise \u00e0 renforcer les capacit\u00e9s des producteurs agricoles et pastoraux dans les wilayas du Tagant, Hodh El Gharbi, Assaba et Guidimakha, en am\u00e9liorant la gestion des ressources naturelles, en adoptant des pratiques agricoles durables et en d\u00e9veloppant des cha\u00eenes de valeur environnementales pour renforcer l\u2019\u00e9conomie locale et r\u00e9sister au changement climatique.<\/p>\n<p>Ouvrant la c\u00e9r\u00e9monie, Mme la ministre a dit que \u2018\u2019le projet s\u2019inscrit dans la lign\u00e9e des directives de Son Excellence le Pr\u00e9sident de la R\u00e9publique, Monsieur Mohamed Ould Cheikh El Ghazouani, dans le cadre de son programme national \u2018\u2019mon ambition pour la patrie\u2019\u2019, qui met l\u2019accent sur la protection de l\u2019environnement, le d\u00e9veloppement de l\u2019\u00e9conomie verte, et la pr\u00e9servation des ressources naturelles\u2019\u2019, pr\u00e9cise \u2013 t- elle.<\/p>\n<p>Elle a ajout\u00e9 que le projet a \u00e9t\u00e9 soumis par le gouvernement mauritanien et la FAO au Fonds Mondial de l\u2019Environnement, approuv\u00e9 par le Fonds pour les pays les moins avanc\u00e9s (FPMA), il sera mis en \u0153uvre sur une p\u00e9riode de quatre ans (2025-2028) sous la supervision de la direction de la protection des esp\u00e8ces et de la restauration des sols du minist\u00e8re de l\u2019Environnement, et en coop\u00e9ration avec la FAO en tant qu\u2019organe de mise en \u0153uvre.<\/p>\n<p>De son c\u00f4t\u00e9, M. El Hassen Ould Maouloud, directeur national du projet, a fait une pr\u00e9sentation sur les composantes du projet, qui met l\u2019accent sur la gestion participative des ressources, l\u2019autonomisation des groupes vuln\u00e9rables, notamment les femmes, et le renforcement des capacit\u00e9s locales pour faire face aux d\u00e9fis climatiques.<\/p>\n<p>A son tour, M. Moussa Ould Maouloud, charg\u00e9 de programme \u00e0 la repr\u00e9sentation de la FAO en Mauritanie, a indiqu\u00e9 que le projet est le fruit d\u2019un partenariat efficace avec le minist\u00e8re, ciblant les zones aux \u00e9cosyst\u00e8mes fragiles confront\u00e9es \u00e0 des pressions environnementales croissantes, et dont les populations d\u00e9pendent principalement de l\u2019agriculture pluviale et de l\u2019\u00e9levage comme source de subsistance.<\/p>\n<p>La c\u00e9r\u00e9monie d\u2019ouverture s\u2019est d\u00e9roul\u00e9e en pr\u00e9sence du conseiller technique charg\u00e9 des affaires juridiques au minist\u00e8re de l\u2019environnement (secr\u00e9taire g\u00e9n\u00e9ral par int\u00e9rim), du directeur du Bureau national de l\u2019Union mondiale pour la nature, de plusieurs maires des municipalit\u00e9s rurales concern\u00e9es, ainsi que de repr\u00e9sentants des agences de coop\u00e9ration bilat\u00e9rale et du personnel du minist\u00e8re.<\/p>\n<p>Ami<\/p>\n<\/div>\n<\/article>\n","protected":false},"excerpt":{"rendered":"<p>La minist\u00e8re de l\u2019Environnement et du D\u00e9veloppement durable, Mme Messaouda mint Bahham Ould Mohamed Laghdaf, a lanc\u00e9, mardi \u00e0 Nouakchott, un atelier de lancement du projet \u2018\u2019renforcer la r\u00e9silience des producteurs agricoles et pastoraux \u00e0 travers la gestion optimale des bassins affluents et le d\u00e9veloppement de cha\u00eenes de valeur positives vis-\u00e0-vis de l\u2019environnement dans le &hellip;<\/p>\n","protected":false},"author":2,"featured_media":16161,"comment_status":"open","ping_status":"open","sticky":false,"template":"","format":"standard","meta":{"footnotes":""},"categories":[18,2],"tags":[],"class_list":["post-16160","post","type-post","status-publish","format-standard","has-post-thumbnail","hentry","category-actualites","category-economie"],"_links":{"self":[{"href":"https:\/\/ladepeche.mr\/index.php?rest_route=\/wp\/v2\/posts\/16160","targetHints":{"allow":["GET"]}}],"collection":[{"href":"https:\/\/ladepeche.mr\/index.php?rest_route=\/wp\/v2\/posts"}],"about":[{"href":"https:\/\/ladepeche.mr\/index.php?rest_route=\/wp\/v2\/types\/post"}],"author":[{"embeddable":true,"href":"https:\/\/ladepeche.mr\/index.php?rest_route=\/wp\/v2\/users\/2"}],"replies":[{"embeddable":true,"href":"https:\/\/ladepeche.mr\/index.php?rest_route=%2Fwp%2Fv2%2Fcomments&post=16160"}],"version-history":[{"count":1,"href":"https:\/\/ladepeche.mr\/index.php?rest_route=\/wp\/v2\/posts\/16160\/revisions"}],"predecessor-version":[{"id":16162,"href":"https:\/\/ladepeche.mr\/index.php?rest_route=\/wp\/v2\/posts\/16160\/revisions\/16162"}],"wp:featuredmedia":[{"embeddable":true,"href":"https:\/\/ladepeche.mr\/index.php?rest_route=\/wp\/v2\/media\/16161"}],"wp:attachment":[{"href":"https:\/\/ladepeche.mr\/index.php?rest_route=%2Fwp%2Fv2%2Fmedia&parent=16160"}],"wp:term":[{"taxonomy":"category","embeddable":true,"href":"https:\/\/ladepeche.mr\/index.php?rest_route=%2Fwp%2Fv2%2Fcategories&post=16160"},{"taxonomy":"post_tag","embeddable":true,"href":"https:\/\/ladepeche.mr\/index.php?rest_route=%2Fwp%2Fv2%2Ftags&post=16160"}],"curies":[{"name":"wp","href":"https:\/\/api.w.org\/{rel}","templated":true}]}}